{"id":52487,"date":"2025-06-09T17:27:56","date_gmt":"2025-06-09T20:27:56","guid":{"rendered":"https:\/\/euvivoaselecao.com.br\/index.php\/2025\/06\/09\/cid-diz-que-entregou-dinheiro-em-sacola-a-pedido-de-braga-netto\/"},"modified":"2025-06-09T17:27:56","modified_gmt":"2025-06-09T20:27:56","slug":"cid-diz-que-entregou-dinheiro-em-sacola-a-pedido-de-braga-netto","status":"publish","type":"post","link":"https:\/\/euvivoaselecao.com.br\/index.php\/2025\/06\/09\/cid-diz-que-entregou-dinheiro-em-sacola-a-pedido-de-braga-netto\/","title":{"rendered":"Cid diz que entregou dinheiro em sacola a pedido de Braga Netto"},"content":{"rendered":"<p><\/p>\n<div wp_automatic_readability=\"58.252122795558\">\n<p><strong>O tenente-coronel do Ex\u00e9rcito Mauro Cid confirmou nesta segunda-feira (9) que recebeu do general Walter Braga Netto dinheiro dentro de uma sacola de vinho para que fosse repassado ao major do Ex\u00e9rcito Rafael de Oliveira, integrante dos <em>kids<\/em> pretos, esquadr\u00e3o de elite da for\u00e7a.<\/strong><\/p>\n<p>As declara\u00e7\u00f5es de Cid foram feitas durante o interrogat\u00f3rio na a\u00e7\u00e3o penal da trama golpista. Ex-ajudante de ordens de Jair Bolsonaro, Cid \u00e9 primeiro r\u00e9u do N\u00facleo 1 da trama golpista a ser interrogado pelo ministro Alexandre de Moraes, relator da a\u00e7\u00e3o penal do golpe. O militar tamb\u00e9m est\u00e1 na condi\u00e7\u00e3o de delator nas investiga\u00e7\u00f5es.<\/p>\n<p>O ex-ajudante de ordens declarou que n\u00e3o sabe a origem do dinheiro e o valor que estava no pacote. <strong>De acordo com as investiga\u00e7\u00f5es, o dinheiro seria destinado ao financiamento das a\u00e7\u00f5es do plano golpista.<\/strong><\/p>\n<p><strong>Telejornal Rep\u00f3rter Brasil exibe s\u00e9rie especial sobre a COP30<\/strong><\/p>\n<p><strong>Caso Adalberto; M\u00e3e revela \u00faltimas palavras de empres\u00e1rio<\/strong><\/p>\n<blockquote wp_automatic_readability=\"9\">\n<p>\u201cProvavelmente, pelo que a gente sentia das manifesta\u00e7\u00f5es, era o pessoal do agroneg\u00f3cio que estava ajudando a manter as manifesta\u00e7\u00f5es em frente aos quart\u00e9is\u201d, disse.<\/p>\n<\/blockquote>\n<p>Durante o depoimento, <strong>Cid tamb\u00e9m afirmou que Braga Netto era respons\u00e1vel por trazer informa\u00e7\u00f5es sobre a movimenta\u00e7\u00e3o de apoiadores do ex-presidente Jair Bolsonaro que estavam em frente aos quart\u00e9is do Ex\u00e9rcito <\/strong>ap\u00f3s o resultado das elei\u00e7\u00f5es de 2022.<\/p>\n<p>\u201cA gente nunca manteve contato com nenhuma lideran\u00e7a, nenhum financiador. A gente sabia o que estava acontecendo, mas o n\u00facleo interno, a gente n\u00e3o mantinha contato com ningu\u00e9m. Quem trazia informa\u00e7\u00f5es atualizadas era o general Braga Netto. N\u00e3o sei dizer quem eram os contatos que ele matinha\u201d, afirmou.<\/p>\n<p>General da reserva e vice na chapa de Bolsonaro em 2022, Braga Netto est\u00e1 preso desde dezembro do ano passado sob a acusa\u00e7\u00e3o de obstruir a investiga\u00e7\u00e3o sobre a tentativa de golpe de Estado e tentar obter detalhes dos depoimentos de dela\u00e7\u00e3o do ex-ajudante de ordens de Bolsonaro.<\/p>\n<p><strong>Anvisa aprova uso do medicamento Mounjaro para perda de peso<\/strong><\/p>\n<p><strong>Itamaraty explica prioridades da C\u00fapula Brasil-Caribe<\/strong><\/p>\n<p>O depoimento deve prosseguir at\u00e9 as 20h.<\/p>\n<h2>Interrogat\u00f3rios<\/h2>\n<p>De hoje at\u00e9 sexta-feira (13), Alexandre de Moraes vai interrogar presencialmente o ex-presidente Jair Bolsonaro, Braga Netto e mais seis r\u00e9us acusados de participarem do \u201cn\u00facleo crucial\u201d de uma trama para impedir a posse do ex-presidente Luiz In\u00e1cio Lula da Silva ap\u00f3s o resultado das elei\u00e7\u00f5es de 2022.<\/p>\n<p><strong>Confira a ordem dos depoimentos:<\/strong><\/p>\n<ol>\n<li>Mauro Cid, delator e ex-ajudante de ordens de Bolsonaro;<\/li>\n<li>Alexandre Ramagem, ex-diretor da Ag\u00eancia Brasileira de Intelig\u00eancia (Abin);<\/li>\n<li>Almir Garnier, ex-comandante da Marinha;<\/li>\n<li>Anderson Torres, ex-ministro da Justi\u00e7a e ex-secret\u00e1rio de seguran\u00e7a do Distrito Federal;<\/li>\n<li>Augusto Heleno, ex-ministro do Gabinete de Seguran\u00e7a Institucional;<\/li>\n<li>Jair Bolsonaro, ex-presidente da Rep\u00fablica;<\/li>\n<li>Paulo S\u00e9rgio Nogueira, ex-ministro da Defesa;<\/li>\n<li>Walter Braga Netto, general do Ex\u00e9rcito e ex-ministro de Bolsonaro.<\/li>\n<\/ol>\n<\/div>\n","protected":false},"excerpt":{"rendered":"<p>O tenente-coronel do Ex\u00e9rcito Mauro Cid confirmou nesta segunda-feira (9) que recebeu do general Walter Braga Netto dinheiro dentro de<\/p>\n","protected":false},"author":2,"featured_media":0,"comment_status":"","ping_status":"","sticky":false,"template":"","format":"standard","meta":{"colormag_page_container_layout":"default_layout","colormag_page_sidebar_layout":"default_layout","footnotes":""},"categories":[],"tags":[],"class_list":["post-52487","post","type-post","status-publish","format-standard","hentry"],"_links":{"self":[{"href":"https:\/\/euvivoaselecao.com.br\/index.php\/wp-json\/wp\/v2\/posts\/52487","targetHints":{"allow":["GET"]}}],"collection":[{"href":"https:\/\/euvivoaselecao.com.br\/index.php\/wp-json\/wp\/v2\/posts"}],"about":[{"href":"https:\/\/euvivoaselecao.com.br\/index.php\/wp-json\/wp\/v2\/types\/post"}],"author":[{"embeddable":true,"href":"https:\/\/euvivoaselecao.com.br\/index.php\/wp-json\/wp\/v2\/users\/2"}],"replies":[{"embeddable":true,"href":"https:\/\/euvivoaselecao.com.br\/index.php\/wp-json\/wp\/v2\/comments?post=52487"}],"version-history":[{"count":0,"href":"https:\/\/euvivoaselecao.com.br\/index.php\/wp-json\/wp\/v2\/posts\/52487\/revisions"}],"wp:attachment":[{"href":"https:\/\/euvivoaselecao.com.br\/index.php\/wp-json\/wp\/v2\/media?parent=52487"}],"wp:term":[{"taxonomy":"category","embeddable":true,"href":"https:\/\/euvivoaselecao.com.br\/index.php\/wp-json\/wp\/v2\/categories?post=52487"},{"taxonomy":"post_tag","embeddable":true,"href":"https:\/\/euvivoaselecao.com.br\/index.php\/wp-json\/wp\/v2\/tags?post=52487"}],"curies":[{"name":"wp","href":"https:\/\/api.w.org\/{rel}","templated":true}]}}