{"id":52511,"date":"2025-06-09T22:19:39","date_gmt":"2025-06-10T01:19:39","guid":{"rendered":"https:\/\/euvivoaselecao.com.br\/index.php\/2025\/06\/09\/ifsp-realiza-2a-audiencia-publica-em-ribeirao-preto-para-definir-eixos-tecnologicos-do-novo-campus-ifsp\/"},"modified":"2025-06-09T22:19:39","modified_gmt":"2025-06-10T01:19:39","slug":"ifsp-realiza-2a-audiencia-publica-em-ribeirao-preto-para-definir-eixos-tecnologicos-do-novo-campus-ifsp","status":"publish","type":"post","link":"https:\/\/euvivoaselecao.com.br\/index.php\/2025\/06\/09\/ifsp-realiza-2a-audiencia-publica-em-ribeirao-preto-para-definir-eixos-tecnologicos-do-novo-campus-ifsp\/","title":{"rendered":"IFSP realiza 2\u00aa audi\u00eancia p\u00fablica em Ribeir\u00e3o Preto para definir eixos tecnol\u00f3gicos do novo campus &#8211; IFSP"},"content":{"rendered":"<p><\/p>\n<div>\n<div class=\"subtitle\">\n<p data-start=\"177\" data-end=\"289\">Encontro ser\u00e1 realizado no dia 10 de julho, na C\u00e2mara Municipal; participa\u00e7\u00e3o popular \u00e9 fundamental para orientar a oferta de cursos da futura unidade<\/p>\n<\/div>\n<p><!-- fim .content-header-options-1 --><\/p>\n<p data-start=\"461\" data-end=\"811\">A popula\u00e7\u00e3o de Ribeir\u00e3o Preto e regi\u00e3o est\u00e1 convidada a participar da 2\u00aa audi\u00eancia p\u00fablica sobre a implanta\u00e7\u00e3o do novo campus do Instituto Federal de S\u00e3o Paulo (IFSP). O evento acontece no dia 10 de julho de 2025, \u00e0s 19h30, na C\u00e2mara Municipal de Ribeir\u00e3o Preto, localizada na Av. Jer\u00f4nimo Gon\u00e7alves, 1200.<\/p>\n<p data-start=\"813\" data-end=\"1182\">Aberta ao p\u00fablico, a audi\u00eancia integra a segunda fase do processo de implanta\u00e7\u00e3o do campus e pretende definir os eixos tecnol\u00f3gicos que nortear\u00e3o a cria\u00e7\u00e3o dos cursos a serem ofertados. Para isso, ser\u00e3o apresentados os estudos socioecon\u00f4micos e pesquisas de demanda realizados nos \u00faltimos meses, que apontam as necessidades e potencialidades da regi\u00e3o.<\/p>\n<p data-start=\"1184\" data-end=\"1438\">A escuta ativa da comunidade \u00e9 central neste momento. Moradores, estudantes, educadores, lideran\u00e7as locais e representantes de institui\u00e7\u00f5es p\u00fablicas e privadas s\u00e3o convidados a contribuir com ideias, sugest\u00f5es e expectativas para o futuro da unidade.<\/p>\n<p data-start=\"1440\" data-end=\"1757\">A iniciativa refor\u00e7a o compromisso do IFSP com a participa\u00e7\u00e3o democr\u00e1tica e o desenvolvimento regional, buscando alinhar a proposta pedag\u00f3gica do campus \u00e0s realidades e voca\u00e7\u00f5es de Ribeir\u00e3o Preto. A pr\u00f3xima etapa do processo ser\u00e1 a defini\u00e7\u00e3o dos cursos, com base nos eixos escolhidos e nas demandas identificadas.<\/p>\n<\/div>\n","protected":false},"excerpt":{"rendered":"<p>Encontro ser\u00e1 realizado no dia 10 de julho, na C\u00e2mara Municipal; participa\u00e7\u00e3o popular \u00e9 fundamental para orientar a oferta de<\/p>\n","protected":false},"author":1,"featured_media":0,"comment_status":"","ping_status":"","sticky":false,"template":"","format":"standard","meta":{"colormag_page_container_layout":"default_layout","colormag_page_sidebar_layout":"default_layout","footnotes":""},"categories":[1],"tags":[],"class_list":["post-52511","post","type-post","status-publish","format-standard","hentry","category-sem-categoria"],"_links":{"self":[{"href":"https:\/\/euvivoaselecao.com.br\/index.php\/wp-json\/wp\/v2\/posts\/52511","targetHints":{"allow":["GET"]}}],"collection":[{"href":"https:\/\/euvivoaselecao.com.br\/index.php\/wp-json\/wp\/v2\/posts"}],"about":[{"href":"https:\/\/euvivoaselecao.com.br\/index.php\/wp-json\/wp\/v2\/types\/post"}],"author":[{"embeddable":true,"href":"https:\/\/euvivoaselecao.com.br\/index.php\/wp-json\/wp\/v2\/users\/1"}],"replies":[{"embeddable":true,"href":"https:\/\/euvivoaselecao.com.br\/index.php\/wp-json\/wp\/v2\/comments?post=52511"}],"version-history":[{"count":0,"href":"https:\/\/euvivoaselecao.com.br\/index.php\/wp-json\/wp\/v2\/posts\/52511\/revisions"}],"wp:attachment":[{"href":"https:\/\/euvivoaselecao.com.br\/index.php\/wp-json\/wp\/v2\/media?parent=52511"}],"wp:term":[{"taxonomy":"category","embeddable":true,"href":"https:\/\/euvivoaselecao.com.br\/index.php\/wp-json\/wp\/v2\/categories?post=52511"},{"taxonomy":"post_tag","embeddable":true,"href":"https:\/\/euvivoaselecao.com.br\/index.php\/wp-json\/wp\/v2\/tags?post=52511"}],"curies":[{"name":"wp","href":"https:\/\/api.w.org\/{rel}","templated":true}]}}