{"id":52541,"date":"2025-06-10T03:55:46","date_gmt":"2025-06-10T06:55:46","guid":{"rendered":"https:\/\/euvivoaselecao.com.br\/index.php\/2025\/06\/10\/prefeitura-de-joao-pessoa-tem-representante-em-nova-composicao-do-conselho-estadual-lgbt\/"},"modified":"2025-06-10T03:55:46","modified_gmt":"2025-06-10T06:55:46","slug":"prefeitura-de-joao-pessoa-tem-representante-em-nova-composicao-do-conselho-estadual-lgbt","status":"publish","type":"post","link":"https:\/\/euvivoaselecao.com.br\/index.php\/2025\/06\/10\/prefeitura-de-joao-pessoa-tem-representante-em-nova-composicao-do-conselho-estadual-lgbt\/","title":{"rendered":"Prefeitura de Jo\u00e3o Pessoa tem representante em nova composi\u00e7\u00e3o do Conselho Estadual LGBT"},"content":{"rendered":"<p><\/p>\n<div>\n<h5 class=\"text-primary\">Posse<\/h5>\n<p>                        <!-- Mostra o t&iacute;tulo como um link para o link permanente do post --><\/p>\n<h2 class=\"mb-3\">Prefeitura de Jo\u00e3o Pessoa tem representante em nova composi\u00e7\u00e3o do Conselho Estadual LGBT<\/h2>\n<p class=\"text-secondary font-italic mb-3 p-0\">&#13;<br \/>\n                            <i class=\"fa fa-calendar\"\/> 09\/06\/2025 | &#13;<br \/>\n                            <i class=\"fa fa-clock-o\"\/> 19:00 |&#13;<br \/>\n                            <i class=\"fa fa-eye\"\/> 184                        <\/p>\n<p>                        <!-- Mostra o conte&uacute;do do post em uma DIV --><\/p>\n<div class=\"\">\n<p>Os novos membros do Conselho Estadual LGBTQIAPNB+ tomaram posse na tarde desta segunda-feira (9), no audit\u00f3rio da Ordem dos Advogados do Brasil da Para\u00edba (OAB-PB), na sede em Jo\u00e3o Pessoa. A nova composi\u00e7\u00e3o atuar\u00e1 no bi\u00eanio 2025-2027.<\/p>\n<figure class=\"wp-block-gallery has-nested-images columns-default is-cropped wp-block-gallery-1 is-layout-flex wp-block-gallery-is-layout-flex\">\n<figure class=\"wp-block-image size-large\"><\/figure>\n<figure class=\"wp-block-image size-large\"><\/figure>\n<\/figure>\n<p>A Prefeitura de Jo\u00e3o Pessoa ter\u00e1 como membro representante Geraldo Filho, atual presidente do Conselho Municipal LGBTQIAPNB+ e coordenador da Promo\u00e7\u00e3o \u00e0 Cidadania LGBT.<\/p>\n<p>\u201c\u00c9 essencial esse di\u00e1logo, essa jun\u00e7\u00e3o entre Prefeitura e Estado para que as demandas da comunidade ganhem mais respaldo e mais for\u00e7a para que pol\u00edticas p\u00fablicas sejam articuladas e aplicadas\u201d, afirmou Geraldo Filho.<\/p>\n<p>A cerim\u00f4nia de posse foi conduzida por L\u00eddia Moura, secret\u00e1ria da Mulher e da Diversidade Humana (SEMDH), que destacou os avan\u00e7os e a import\u00e2ncia da renova\u00e7\u00e3o de uma ferramenta que garante a democracia e o respeito \u00e0 sociedade civil organizada, \u00e0s institui\u00e7\u00f5es p\u00fablicas e \u00e0 popula\u00e7\u00e3o LGBT.<\/p>\n<p>Para este novo bi\u00eanio, Cleber Ferreira, do Movimento Esp\u00edrito Lil\u00e1s (MEL), ser\u00e1 o presidente; Laura Brasil, gerente LGBTQIAPNB da SEMDH, assume a vice-presid\u00eancia; e a Secretaria ficar\u00e1 com Samuel Barreto, tamb\u00e9m da SEMDH.<\/p>\n<p>Esta composi\u00e7\u00e3o j\u00e1 est\u00e1 comprometida com a realiza\u00e7\u00e3o da Confer\u00eancia Estadual LGBT, prevista para acontecer nos dias 29 e 30 de agosto na Capital paraibana.<\/p>\n<\/p><\/div>\n<\/p><\/div>\n","protected":false},"excerpt":{"rendered":"<p>Posse Prefeitura de Jo\u00e3o Pessoa tem representante em nova composi\u00e7\u00e3o do Conselho Estadual LGBT &#13; 09\/06\/2025 | &#13; 19:00 |&#13;<\/p>\n","protected":false},"author":1,"featured_media":0,"comment_status":"","ping_status":"","sticky":false,"template":"","format":"standard","meta":{"colormag_page_container_layout":"default_layout","colormag_page_sidebar_layout":"default_layout","footnotes":""},"categories":[1],"tags":[],"class_list":["post-52541","post","type-post","status-publish","format-standard","hentry","category-sem-categoria"],"_links":{"self":[{"href":"https:\/\/euvivoaselecao.com.br\/index.php\/wp-json\/wp\/v2\/posts\/52541","targetHints":{"allow":["GET"]}}],"collection":[{"href":"https:\/\/euvivoaselecao.com.br\/index.php\/wp-json\/wp\/v2\/posts"}],"about":[{"href":"https:\/\/euvivoaselecao.com.br\/index.php\/wp-json\/wp\/v2\/types\/post"}],"author":[{"embeddable":true,"href":"https:\/\/euvivoaselecao.com.br\/index.php\/wp-json\/wp\/v2\/users\/1"}],"replies":[{"embeddable":true,"href":"https:\/\/euvivoaselecao.com.br\/index.php\/wp-json\/wp\/v2\/comments?post=52541"}],"version-history":[{"count":0,"href":"https:\/\/euvivoaselecao.com.br\/index.php\/wp-json\/wp\/v2\/posts\/52541\/revisions"}],"wp:attachment":[{"href":"https:\/\/euvivoaselecao.com.br\/index.php\/wp-json\/wp\/v2\/media?parent=52541"}],"wp:term":[{"taxonomy":"category","embeddable":true,"href":"https:\/\/euvivoaselecao.com.br\/index.php\/wp-json\/wp\/v2\/categories?post=52541"},{"taxonomy":"post_tag","embeddable":true,"href":"https:\/\/euvivoaselecao.com.br\/index.php\/wp-json\/wp\/v2\/tags?post=52541"}],"curies":[{"name":"wp","href":"https:\/\/api.w.org\/{rel}","templated":true}]}}