{"id":52575,"date":"2025-06-10T10:55:52","date_gmt":"2025-06-10T13:55:52","guid":{"rendered":"https:\/\/euvivoaselecao.com.br\/index.php\/2025\/06\/10\/futebol-do-atleta-cidadao-decide-o-titulo-da-copa-ouro\/"},"modified":"2025-06-10T10:55:52","modified_gmt":"2025-06-10T13:55:52","slug":"futebol-do-atleta-cidadao-decide-o-titulo-da-copa-ouro","status":"publish","type":"post","link":"https:\/\/euvivoaselecao.com.br\/index.php\/2025\/06\/10\/futebol-do-atleta-cidadao-decide-o-titulo-da-copa-ouro\/","title":{"rendered":"Futebol do Atleta Cidad\u00e3o decide o titulo da Copa Ouro"},"content":{"rendered":"<p><\/p>\n<div>\n<p><b>Nei Jos\u00e9 Sant&#8217;Anna<\/b><br \/>&#13;<br \/>\n&#13;<br \/>\n                <span style=\"font-weight: bold;\">Secretaria de Esporte e Qualidade de Vida<\/span><\/p>\n<p>As equipes sub-13 e sub-14 do S\u00e3o Jos\u00e9 Desportivo\/Atleta Cidad\u00e3o disputam nesta quarta-feira (11) a final da Copa Ouro de Futebol, torneio promovido pela Associa\u00e7\u00e3o Paulista de Futebol. Os jogos acontecer\u00e3o no est\u00e1dio municipal Ildeu Silvestre do Carmo, em Itaquaquecetuba.<\/p>\n<p>A equipe sub-14 enfrenta o Guarulhos, \u00e0s 13h30, e o sub-13 entra em campo \u00e0s 15h para encarar o Tabo\u00e3o da Serra.<\/p>\n<\/p>\n<p><sub>Equipe sub-14 do S\u00e3o Jos\u00e9 Desportivo\/Atleta Cidad\u00e3o<\/sub><\/p>\n<p>Na semifinal, os meninos do sub-14 se classificaram com uma goleada sobre o Salto por 4 a 0, no dia 28 de maio, com gols de Isaque, Guilherme, Antony e Igor Fernandes. J\u00e1 o Guarulhos se classificou com uma vit\u00f3ria nos p\u00eanaltis sobre Tabo\u00e3o da Serra por 5 a 4, ap\u00f3s empate por 1 a 1 no tempo normal.<\/p>\n<\/p>\n<p><sub>Equipe sub-14 do S\u00e3o Jos\u00e9 Desportivo\/Atleta Cidad\u00e3o<\/sub><\/p>\n<p>O time sub-13 do Atleta Cidad\u00e3o avan\u00e7ou \u00e0 final com uma vit\u00f3ria nos p\u00eanaltis sobre o Alfa Academy no dia 28 de maio, por 4 a 2, ap\u00f3s empate sem gols no tempo normal. O Tabo\u00e3o tamb\u00e9m avan\u00e7ou com um vit\u00f3ria nos p\u00eanaltis sobre o Itaquaquecetuba por 5 a 3, ap\u00f3s empate por 1 a 1 no tempo normal.<\/p>\n<p>&#13;<br \/>\n                        <strong>MAIS NOT\u00cdCIAS<\/strong><br \/>&#13;<br \/>\n                        Secretaria de Esporte e Qualidade de Vida&#13;\n                    <\/p>\n<\/p><\/div>\n","protected":false},"excerpt":{"rendered":"<p>Nei Jos\u00e9 Sant&#8217;Anna&#13; &#13; Secretaria de Esporte e Qualidade de Vida As equipes sub-13 e sub-14 do S\u00e3o Jos\u00e9 Desportivo\/Atleta<\/p>\n","protected":false},"author":1,"featured_media":0,"comment_status":"","ping_status":"","sticky":false,"template":"","format":"standard","meta":{"colormag_page_container_layout":"default_layout","colormag_page_sidebar_layout":"default_layout","footnotes":""},"categories":[1],"tags":[],"class_list":["post-52575","post","type-post","status-publish","format-standard","hentry","category-sem-categoria"],"_links":{"self":[{"href":"https:\/\/euvivoaselecao.com.br\/index.php\/wp-json\/wp\/v2\/posts\/52575","targetHints":{"allow":["GET"]}}],"collection":[{"href":"https:\/\/euvivoaselecao.com.br\/index.php\/wp-json\/wp\/v2\/posts"}],"about":[{"href":"https:\/\/euvivoaselecao.com.br\/index.php\/wp-json\/wp\/v2\/types\/post"}],"author":[{"embeddable":true,"href":"https:\/\/euvivoaselecao.com.br\/index.php\/wp-json\/wp\/v2\/users\/1"}],"replies":[{"embeddable":true,"href":"https:\/\/euvivoaselecao.com.br\/index.php\/wp-json\/wp\/v2\/comments?post=52575"}],"version-history":[{"count":0,"href":"https:\/\/euvivoaselecao.com.br\/index.php\/wp-json\/wp\/v2\/posts\/52575\/revisions"}],"wp:attachment":[{"href":"https:\/\/euvivoaselecao.com.br\/index.php\/wp-json\/wp\/v2\/media?parent=52575"}],"wp:term":[{"taxonomy":"category","embeddable":true,"href":"https:\/\/euvivoaselecao.com.br\/index.php\/wp-json\/wp\/v2\/categories?post=52575"},{"taxonomy":"post_tag","embeddable":true,"href":"https:\/\/euvivoaselecao.com.br\/index.php\/wp-json\/wp\/v2\/tags?post=52575"}],"curies":[{"name":"wp","href":"https:\/\/api.w.org\/{rel}","templated":true}]}}