{"id":52576,"date":"2025-06-10T10:56:55","date_gmt":"2025-06-10T13:56:55","guid":{"rendered":"https:\/\/euvivoaselecao.com.br\/index.php\/2025\/06\/10\/sao-paulo-pode-ter-ate-8-desfalques-para-o-jogo-desta-5a-feira-contra-o-vasco\/"},"modified":"2025-06-10T10:56:55","modified_gmt":"2025-06-10T13:56:55","slug":"sao-paulo-pode-ter-ate-8-desfalques-para-o-jogo-desta-5a-feira-contra-o-vasco","status":"publish","type":"post","link":"https:\/\/euvivoaselecao.com.br\/index.php\/2025\/06\/10\/sao-paulo-pode-ter-ate-8-desfalques-para-o-jogo-desta-5a-feira-contra-o-vasco\/","title":{"rendered":"S\u00e3o Paulo pode ter at\u00e9 8 desfalques para o jogo desta 5\u00aa-feira contra o Vasco"},"content":{"rendered":"<p><\/p>\n<div>O S\u00e3o Paulo entra em campo nesta quinta-feira (12) para enfrentar o Vasco, no Morumbis, \u00e0s 21h30 (de Bras\u00edlia), pelo Brasileir\u00e3o, com pelo menos oito desfalques. O Tricolor Paulista esperava a recupera\u00e7\u00e3o de atletas que ainda n\u00e3o devem estar relacionados para essa partida.<\/p>\n<p>Os jogadores nesta situa\u00e7\u00e3o s\u00e3o: os volantes Marcos Ant\u00f4nio e Luiz Gustavo, o atacante Calleri, o meia Oscar, o zagueiro Ruan. Al\u00e9m de Igor Vin\u00edcius, Lucas e Ferreira.\n<\/p>\n<p>Assim, Marcos Ant\u00f4nio \u00e9 o que est\u00e1 mais pr\u00f3ximo de voltar aos gramados. Contudo, com chances muito remotas de enfrentar o Vasco. O volante tem uma les\u00e3o na regi\u00e3o posterior da coxa esquerda, mas j\u00e1 trabalha em campo no CT da Barra Funda. No entanto, apenas com o apoio da fisioterapia do S\u00e3o Paulo, separado do restante dos companheiros.\n<\/p>\n<p>Por outro lado, o jogador que deve ficar mais tempo \u00e9 o Calleri. O centroavante se recupera de uma cirurgia no joelho esquerdo e n\u00e3o deve mais atuar nesta temporada.\n<\/p>\n<p><b>Outros casos de les\u00f5es no S\u00e3o Paulo<\/b>\n<\/p>\n<p>O volante Luiz Gustavo, com tromboembolismo pulmonar, tamb\u00e9m deve ficar mais tempo fora. O jogador tampouco tem participado de atividades f\u00edsicas no CT da Barra Funda.\n<\/p>\n<p>O meia Oscar, com um edema na regi\u00e3o posterior da coxa esquerda, ainda treina na parte interna do CT da Barra Funda antes de evoluir para o campo e se aproximar do retorno, que s\u00f3 vai ocorrer em julho.\n<\/p>\n<p>J\u00e1 o zagueiro Ruan, com contrato at\u00e9 o fim de junho, o defensor pode precisar passar por uma cirurgia no joelho direito para se livrar de dores que o impedem de jogar. Caso isso aconte\u00e7a, n\u00e3o h\u00e1 prazo para retorno.\n<\/p>\n<p>Da mesma forma, Igor Vin\u00edcius (lombalgia), Lucas (estiramento da c\u00e1psula posterior do joelho direito) e Ferreira (les\u00e3o da f\u00e1scia plantar do p\u00e9 esquerdo) s\u00f3 voltam a jogar no m\u00ednimo na partida contra o Flamengo, no dia 12 de julho, depois do Mundial de Clubes.\n<\/p>\n<p>Fonte: Jogada 10<\/p>\n<\/div>\n<p><script async defer crossorigin=\"anonymous\" src=\"https:\/\/connect.facebook.net\/pt_BR\/sdk.js#xfbml=1&amp;version=v12.0&amp;appId=114327694422&amp;autoLogAppEvents=1\" nonce=\"4kp7RAsD\"><\/script><\/p>\n","protected":false},"excerpt":{"rendered":"<p>O S\u00e3o Paulo entra em campo nesta quinta-feira (12) para enfrentar o Vasco, no Morumbis, \u00e0s 21h30 (de Bras\u00edlia), pelo<\/p>\n","protected":false},"author":1,"featured_media":0,"comment_status":"","ping_status":"","sticky":false,"template":"","format":"standard","meta":{"colormag_page_container_layout":"default_layout","colormag_page_sidebar_layout":"default_layout","footnotes":""},"categories":[1],"tags":[],"class_list":["post-52576","post","type-post","status-publish","format-standard","hentry","category-sem-categoria"],"_links":{"self":[{"href":"https:\/\/euvivoaselecao.com.br\/index.php\/wp-json\/wp\/v2\/posts\/52576","targetHints":{"allow":["GET"]}}],"collection":[{"href":"https:\/\/euvivoaselecao.com.br\/index.php\/wp-json\/wp\/v2\/posts"}],"about":[{"href":"https:\/\/euvivoaselecao.com.br\/index.php\/wp-json\/wp\/v2\/types\/post"}],"author":[{"embeddable":true,"href":"https:\/\/euvivoaselecao.com.br\/index.php\/wp-json\/wp\/v2\/users\/1"}],"replies":[{"embeddable":true,"href":"https:\/\/euvivoaselecao.com.br\/index.php\/wp-json\/wp\/v2\/comments?post=52576"}],"version-history":[{"count":0,"href":"https:\/\/euvivoaselecao.com.br\/index.php\/wp-json\/wp\/v2\/posts\/52576\/revisions"}],"wp:attachment":[{"href":"https:\/\/euvivoaselecao.com.br\/index.php\/wp-json\/wp\/v2\/media?parent=52576"}],"wp:term":[{"taxonomy":"category","embeddable":true,"href":"https:\/\/euvivoaselecao.com.br\/index.php\/wp-json\/wp\/v2\/categories?post=52576"},{"taxonomy":"post_tag","embeddable":true,"href":"https:\/\/euvivoaselecao.com.br\/index.php\/wp-json\/wp\/v2\/tags?post=52576"}],"curies":[{"name":"wp","href":"https:\/\/api.w.org\/{rel}","templated":true}]}}