{"id":52588,"date":"2025-06-10T13:14:34","date_gmt":"2025-06-10T16:14:34","guid":{"rendered":"https:\/\/euvivoaselecao.com.br\/index.php\/2025\/06\/10\/agencia-minas-gerais-vacinas-contra-influenza-e-covid-salvam-vidas-e-evitam-agravamento-de-casos-em-minas-gerais\/"},"modified":"2025-06-10T13:14:34","modified_gmt":"2025-06-10T16:14:34","slug":"agencia-minas-gerais-vacinas-contra-influenza-e-covid-salvam-vidas-e-evitam-agravamento-de-casos-em-minas-gerais","status":"publish","type":"post","link":"https:\/\/euvivoaselecao.com.br\/index.php\/2025\/06\/10\/agencia-minas-gerais-vacinas-contra-influenza-e-covid-salvam-vidas-e-evitam-agravamento-de-casos-em-minas-gerais\/","title":{"rendered":"Ag\u00eancia Minas Gerais | Vacinas contra influenza e covid salvam vidas e evitam agravamento de casos em Minas Gerais"},"content":{"rendered":"<p><\/p>\n<div>\n<p>A vacina\u00e7\u00e3o \u00e9 a forma mais eficaz de prevenir complica\u00e7\u00f5es causadas pelas s\u00edndromes respirat\u00f3rias agudas graves (SRAG), como a influenza e a covid-19. Dados da Secretaria de Estado de Sa\u00fade de Minas Gerais (SES-MG) mostram que, entre 2023 e 2025, a maioria das mortes por essas doen\u00e7as ocorreu entre pessoas com o esquema vacinal incompleto ou desatualizado.<\/p>\n<p dir=\"ltr\">\u201cA vacina\u00e7\u00e3o em dia \u00e9 fundamental para evitarmos o agravamento dos casos e novos \u00f3bitos, especialmente entre os p\u00fablicos mais vulner\u00e1veis, como crian\u00e7as e idosos. Este ano, os casos de doen\u00e7as respirat\u00f3rias pedi\u00e1tricas aumentaram bastante em rela\u00e7\u00e3o a 2024, e a maioria dos \u00f3bitos tem ocorrido entre n\u00e3o vacinados. Isso demonstra que a vacina salva vidas\u201d, afirma o secret\u00e1rio de Estado de Sa\u00fade, F\u00e1bio Baccheretti.<\/p>\n<p dir=\"ltr\">Segura e acess\u00edvel, a imuniza\u00e7\u00e3o est\u00e1 dispon\u00edvel nas Unidades B\u00e1sicas de Sa\u00fade (UBS) e em vacim\u00f3veis que percorrem o estado. Entre os \u00f3bitos por influenza, 83,9% ocorreram em pessoas com vacina\u00e7\u00e3o anterior \u00e0 temporada vigente ou esquema incompleto; 11,9% n\u00e3o estavam vacinadas. Para a covid-19, 75,7% das mortes foram de pessoas com vacina\u00e7\u00e3o atrasada ou incompleta, e 8,3% entre n\u00e3o vacinadas.<\/p>\n<p dir=\"ltr\">As mortes concentram-se principalmente em crian\u00e7as de 0 a 9 anos e idosos com mais de 60, refor\u00e7ando a import\u00e2ncia da vacina\u00e7\u00e3o como medida de prote\u00e7\u00e3o individual e coletiva.<\/p>\n<p dir=\"ltr\">\u201cMinas tem estrutura para vacinar toda a popula\u00e7\u00e3o e, se necess\u00e1rio, vamos solicitar mais doses ao Minist\u00e9rio da Sa\u00fade. Manter o cart\u00e3o de vacina em dia \u00e9 um gesto de cuidado com a pr\u00f3pria sa\u00fade e com a sa\u00fade de todos\u201d, alerta Baccheretti.<\/p>\n<p dir=\"ltr\">Al\u00e9m da vacina\u00e7\u00e3o, o Governo de Minas refor\u00e7ou a rede hospitalar durante o per\u00edodo de maior circula\u00e7\u00e3o dos v\u00edrus respirat\u00f3rios. Foram abertos 54 novos leitos, incluindo dez de UTI pedi\u00e1trica no Hospital Jo\u00e3o XXIII; dez de UTI neonatal, dez de UTI adulto e dez\u00a0de enfermaria no Hospital J\u00falia Kubitschek; e dez leitos de Unidade de Cuidados Intermedi\u00e1rios Neonatais (Ucin) e quatro de UTI neonatal na Maternidade Odete Valadares.<\/p>\n<p dir=\"ltr\">No s\u00e1bado (7\/6), o Hospital Eduardo de Menezes tamb\u00e9m abriu quatro leitos de enfermaria adulto, totalizando 58 novos leitos estaduais voltados ao enfrentamento das doen\u00e7as respirat\u00f3rias. Outros seis leitos ser\u00e3o abertos ao longo da semana.<\/p>\n<p dir=\"ltr\">\u201cEssa amplia\u00e7\u00e3o \u00e9 fruto de um trabalho integrado entre a Fhemig e a Secretaria de Sa\u00fade. Nosso objetivo \u00e9 garantir que nenhum paciente grave fique sem assist\u00eancia, especialmente neste per\u00edodo\u201d, refor\u00e7a o secret\u00e1rio.<\/p>\n<p dir=\"ltr\">A campanha de vacina\u00e7\u00e3o contra a influenza come\u00e7ou em 7\/4\u00a0e, desde 28 do mesmo m\u00eas, foi ampliada para todas as pessoas a partir de seis meses de idade. At\u00e9 6\/6, foram aplicadas 4.826.250 doses, com cobertura de 41,89% no p\u00fablico priorit\u00e1rio.<\/p>\n<p dir=\"ltr\">Fazem parte do grupo priorit\u00e1rio crian\u00e7as de 6 meses a menores de 6 anos, gestantes, idosos com 60 anos ou mais, pessoas com doen\u00e7as cr\u00f4nicas, povos ind\u00edgenas, quilombolas, trabalhadores da sa\u00fade, professores, pessoas em situa\u00e7\u00e3o de rua, profissionais dos Correios, entre outros.<\/p>\n<p dir=\"ltr\">A vacina protege contra os v\u00edrus H1N1, H3N2 e influenza B \u2014 principais causadores das formas graves da doen\u00e7a. A imuniza\u00e7\u00e3o reduz interna\u00e7\u00f5es e complica\u00e7\u00f5es como a SRAG.<\/p>\n<p dir=\"ltr\">\u201cA popula\u00e7\u00e3o pode se imunizar nas UBS, em unidades m\u00f3veis e vacim\u00f3veis. Vacinar-se \u00e9 um cuidado necess\u00e1rio e urgente. Temos pap\u00e9is individuais e coletivos para superar mais um momento de sazonalidade\u201d, conclui Baccheretti.<\/p>\n<\/p><\/div>\n","protected":false},"excerpt":{"rendered":"<p>A vacina\u00e7\u00e3o \u00e9 a forma mais eficaz de prevenir complica\u00e7\u00f5es causadas pelas s\u00edndromes respirat\u00f3rias agudas graves (SRAG), como a influenza<\/p>\n","protected":false},"author":1,"featured_media":0,"comment_status":"","ping_status":"","sticky":false,"template":"","format":"standard","meta":{"colormag_page_container_layout":"default_layout","colormag_page_sidebar_layout":"default_layout","footnotes":""},"categories":[1],"tags":[],"class_list":["post-52588","post","type-post","status-publish","format-standard","hentry","category-sem-categoria"],"_links":{"self":[{"href":"https:\/\/euvivoaselecao.com.br\/index.php\/wp-json\/wp\/v2\/posts\/52588","targetHints":{"allow":["GET"]}}],"collection":[{"href":"https:\/\/euvivoaselecao.com.br\/index.php\/wp-json\/wp\/v2\/posts"}],"about":[{"href":"https:\/\/euvivoaselecao.com.br\/index.php\/wp-json\/wp\/v2\/types\/post"}],"author":[{"embeddable":true,"href":"https:\/\/euvivoaselecao.com.br\/index.php\/wp-json\/wp\/v2\/users\/1"}],"replies":[{"embeddable":true,"href":"https:\/\/euvivoaselecao.com.br\/index.php\/wp-json\/wp\/v2\/comments?post=52588"}],"version-history":[{"count":0,"href":"https:\/\/euvivoaselecao.com.br\/index.php\/wp-json\/wp\/v2\/posts\/52588\/revisions"}],"wp:attachment":[{"href":"https:\/\/euvivoaselecao.com.br\/index.php\/wp-json\/wp\/v2\/media?parent=52588"}],"wp:term":[{"taxonomy":"category","embeddable":true,"href":"https:\/\/euvivoaselecao.com.br\/index.php\/wp-json\/wp\/v2\/categories?post=52588"},{"taxonomy":"post_tag","embeddable":true,"href":"https:\/\/euvivoaselecao.com.br\/index.php\/wp-json\/wp\/v2\/tags?post=52588"}],"curies":[{"name":"wp","href":"https:\/\/api.w.org\/{rel}","templated":true}]}}