{"id":52589,"date":"2025-06-10T13:45:41","date_gmt":"2025-06-10T16:45:41","guid":{"rendered":"https:\/\/euvivoaselecao.com.br\/index.php\/2025\/06\/10\/elevado-presidente-itamar-franco-e-tunel-jose-alencar-serao-fechados-para-manutencao-e-limpeza-prefeitura-da-cidade-do-rio-de-janeiro\/"},"modified":"2025-06-10T13:45:41","modified_gmt":"2025-06-10T16:45:41","slug":"elevado-presidente-itamar-franco-e-tunel-jose-alencar-serao-fechados-para-manutencao-e-limpeza-prefeitura-da-cidade-do-rio-de-janeiro","status":"publish","type":"post","link":"https:\/\/euvivoaselecao.com.br\/index.php\/2025\/06\/10\/elevado-presidente-itamar-franco-e-tunel-jose-alencar-serao-fechados-para-manutencao-e-limpeza-prefeitura-da-cidade-do-rio-de-janeiro\/","title":{"rendered":"Elevado Presidente Itamar Franco e T\u00fanel Jos\u00e9 Alencar ser\u00e3o fechados para manuten\u00e7\u00e3o e limpeza &#8211; Prefeitura da Cidade do Rio de Janeiro"},"content":{"rendered":"<p><\/p>\n<div id=\"main\">\n<div class=\"wrapper-breadcrumbs\" wp_automatic_readability=\"29.004653327129\">\n<div class=\"image-post\" wp_automatic_readability=\"33\">\n                     t\u00fanel Vice-presidente Jos\u00e9 Alencar  ser\u00e1 interditado no sentido Santa Cruz para manuten\u00e7\u00e3o. Arquivo\/Prefeitura do Rio                  <\/div>\n<p>O Elevado Presidente Itamar Franco e os t\u00faneis Luiz Jacques de Moraes e Paulo C\u00e9sar Marcellino Figueiredo ser\u00e3o fechados, nesta ter\u00e7a-feira (10\/6), das 23h \u00e0s 4h30, para manuten\u00e7\u00e3o de rotina. A alternativa para os motoristas ser\u00e1 seguir pelo tablado superior do Elevado das Bandeiras, que ir\u00e1 funcionar no sentido Barra da Tijuca.<\/p>\n<p>J\u00e1 o T\u00fanel Vice-Presidente Jos\u00e9 Alencar ser\u00e1 interditado no sentido Santa Cruz, das 23h \u00e0s 4h, para servi\u00e7os de conserva\u00e7\u00e3o e limpeza. Os ve\u00edculos do sentido interditado ser\u00e3o desviados pela Serra da Grota Funda (Avenida Artur Xex\u00e9o). Os \u00f4nibus do BRT, sentido Santa Cruz, ir\u00e3o trafegar pela calha da galeria oposta. J\u00e1 os \u00f4nibus que trafegam originalmente pela calha, sentido Barra, seguir\u00e3o pela pista comum a todos os ve\u00edculos.<\/p>\n<p>Em todas as interdi\u00e7\u00f5es programadas, sinaliza\u00e7\u00e3o espec\u00edfica ser\u00e1 instalada para orientar e alertar os motoristas, e operadores da CET-Rio far\u00e3o o monitoramento das condi\u00e7\u00f5es do tr\u00e2nsito e, se necess\u00e1rio, ir\u00e3o atuar. Al\u00e9m disso, os tempos semaf\u00f3ricos ser\u00e3o ajustados para a fluidez nas rotas de desvio e nos principais corredores das regi\u00f5es.<\/p>\n<p>A programa\u00e7\u00e3o poder\u00e1 ser suspensa a qualquer momento em raz\u00e3o de condi\u00e7\u00f5es clim\u00e1ticas ou por quest\u00f5es operacionais da cidade.<\/p>\n<p>             <!-- Compartilhe ---><\/p>\n<p>\t\t\t <!-- TAGS --><\/p>\n<section class=\"category-tags\">\n<div class=\"marcacao-category\">\n<article class=\"category-post\">\n<p>Categoria: <\/p>\n<\/article>\n<li>10 de junho de 2025<\/li><\/div>\n<article class=\"tags\">\n\t\t\t\t\tMarca\u00e7\u00f5es: CET-Rio Elevado Presidente Itamar Franco interdi\u00e7\u00f5es manuten\u00e7\u00e3o tr\u00e2nsito T\u00fanel Jos\u00e9 Alencar<br \/><\/article>\n<\/section>\n<p>            <!-- Mais Not&iacute;cias --><\/p>\n<p>\t\t<!-- Conte&uacute;do SIDEBAR --><\/p><\/div>\n<\/p><\/div>\n","protected":false},"excerpt":{"rendered":"<p>t\u00fanel Vice-presidente Jos\u00e9 Alencar ser\u00e1 interditado no sentido Santa Cruz para manuten\u00e7\u00e3o. Arquivo\/Prefeitura do Rio O Elevado Presidente Itamar Franco<\/p>\n","protected":false},"author":1,"featured_media":0,"comment_status":"","ping_status":"","sticky":false,"template":"","format":"standard","meta":{"colormag_page_container_layout":"default_layout","colormag_page_sidebar_layout":"default_layout","footnotes":""},"categories":[1],"tags":[],"class_list":["post-52589","post","type-post","status-publish","format-standard","hentry","category-sem-categoria"],"_links":{"self":[{"href":"https:\/\/euvivoaselecao.com.br\/index.php\/wp-json\/wp\/v2\/posts\/52589","targetHints":{"allow":["GET"]}}],"collection":[{"href":"https:\/\/euvivoaselecao.com.br\/index.php\/wp-json\/wp\/v2\/posts"}],"about":[{"href":"https:\/\/euvivoaselecao.com.br\/index.php\/wp-json\/wp\/v2\/types\/post"}],"author":[{"embeddable":true,"href":"https:\/\/euvivoaselecao.com.br\/index.php\/wp-json\/wp\/v2\/users\/1"}],"replies":[{"embeddable":true,"href":"https:\/\/euvivoaselecao.com.br\/index.php\/wp-json\/wp\/v2\/comments?post=52589"}],"version-history":[{"count":0,"href":"https:\/\/euvivoaselecao.com.br\/index.php\/wp-json\/wp\/v2\/posts\/52589\/revisions"}],"wp:attachment":[{"href":"https:\/\/euvivoaselecao.com.br\/index.php\/wp-json\/wp\/v2\/media?parent=52589"}],"wp:term":[{"taxonomy":"category","embeddable":true,"href":"https:\/\/euvivoaselecao.com.br\/index.php\/wp-json\/wp\/v2\/categories?post=52589"},{"taxonomy":"post_tag","embeddable":true,"href":"https:\/\/euvivoaselecao.com.br\/index.php\/wp-json\/wp\/v2\/tags?post=52589"}],"curies":[{"name":"wp","href":"https:\/\/api.w.org\/{rel}","templated":true}]}}