{"id":52653,"date":"2025-06-11T03:09:18","date_gmt":"2025-06-11T06:09:18","guid":{"rendered":"https:\/\/euvivoaselecao.com.br\/index.php\/2025\/06\/11\/descontos-ilegais-de-pensoes-do-inss-podem-chegar-a-r-3-bi\/"},"modified":"2025-06-11T03:09:18","modified_gmt":"2025-06-11T06:09:18","slug":"descontos-ilegais-de-pensoes-do-inss-podem-chegar-a-r-3-bi","status":"publish","type":"post","link":"https:\/\/euvivoaselecao.com.br\/index.php\/2025\/06\/11\/descontos-ilegais-de-pensoes-do-inss-podem-chegar-a-r-3-bi\/","title":{"rendered":"descontos ilegais de pens\u00f5es do INSS podem chegar a R$ 3 bi"},"content":{"rendered":"<p><\/p>\n<div wp_automatic_readability=\"80.065637065637\">\n<p><strong>O ministro da Previd\u00eancia Social, Wolney Queiroz, disse nesta ter\u00e7a-feira\u00a0(10) que ainda n\u00e3o tem o n\u00famero final dos descontos indevidos feitos por entidades associativas nos pagamentos a aposentados e pensionistas do Instituto Nacional do Seguro Social (INSS), mas que estima que o valor fique entre R$ 2 bilh\u00f5es a R$ 3 bilh\u00f5es<\/strong>.\u00a0<\/p>\n<p>\u201cEu acredito que seja algo em torno entre R$ 2 bilh\u00f5es\u00a0a 3 bilh\u00f5es de reais. Seis bilh\u00f5es de reais seria se todas as pessoas tivessem sido descontadas durante o per\u00edodo m\u00e1ximo do prazo prescricional de cinco anos e todas elas tivessem descontos n\u00e3o autorizados\u201d, afirmou o ministro durante audi\u00eancia conjunta das comiss\u00f5es de Defesa dos Direitos da Pessoa Idosa; Previd\u00eancia, Assist\u00eancia Social, Inf\u00e2ncia, Adolesc\u00eancia e Fam\u00edlia na C\u00e2mara dos Deputados.<\/p>\n<p>Aos deputados, Wolney disse ainda que o n\u00famero exato s\u00f3 ser\u00e1 conhecido ap\u00f3s o t\u00e9rmino dos atendimentos aos aposentados e pensionistas, pelo aplicativo Meu INSS, ag\u00eancias do INSS e dos Correios. Cerca de 3 milh\u00f5es de aposentados e pensionistas pediram o ressarcimento de valores indevidamente descontados.<\/p>\n<p><strong>V\u00f4lei: renovada, sele\u00e7\u00e3o masculina estreia 4\u00aa feira na Liga das Na\u00e7\u00f5es<\/strong><\/p>\n<p><strong>Bolsonaro nega plano de golpe, pede desculpa ao STF e critica urnas<\/strong><\/p>\n<p>\u201cN\u00e3o temos esse n\u00famero ainda porque ele passa por uma autodeclara\u00e7\u00e3o. N\u00f3s temos, por assim dizer, uma floresta de nove milh\u00f5es de pessoas que foram descontadas, em algum valor, durante algum per\u00edodo. S\u00f3 depois que cada uma delas diga se concordou ou n\u00e3o com o desconto vamos fazer essa conta\u201d, continuou.<\/p>\n<p>Dados apresentados pelo ministro apontam tr\u00eas associa\u00e7\u00f5es mais contestadas por aposentados e pensionistas por descontos irregulares entre 2021 e 2022. Juntas, elas somam 22% dos requerimentos registrados at\u00e9 8 de junho, um total\u00a0de\u00a0689.419 reclama\u00e7\u00f5es.\u00a0<\/p>\n<h2>A\u00e7\u00f5es<\/h2>\n<p>Wolney voltou a afirmar que o governo federal far\u00e1 uma busca ativa\u00a0para localizar e atender aposentados e pensionistas que tiveram desconto irregular na folha de pagamento. Segundo o ministro, a ideia \u00e9 viabilizar, al\u00e9m dos canais tradicionais, atendimento mais pr\u00f3ximo de domic\u00edlios localizados em \u00e1reas remotas, fazendo com que os servi\u00e7os de acesso ao sistema previdenci\u00e1rio cheguem, inclusive, \u00e0s pessoas com mobilidade reduzida.<\/p>\n<p>Durante a audi\u00eancia, o ministro reiterou ter recebido do presidente Luiz In\u00e1cio Lula da Silva orienta\u00e7\u00e3o para ir \u201c\u00e0s \u00faltimas consequ\u00eancias\u201d para descobrir e punir os respons\u00e1veis pela fraude. Segundo Wolney, Lula ficou indignado com o golpe aplicado contra aposentados e pensionistas.<\/p>\n<p><strong>STF suspende julgamento sobre revis\u00e3o da vida toda<\/strong><\/p>\n<p><strong>Caso Adalberto; Per\u00edcia no celular de empres\u00e1rio encontrado morto em Interlagos revela detalhes cruciais<\/strong><\/p>\n<p>\u201c\u00c9 um p\u00fablico que o nosso campo sempre priorizou, que o campo progressista sempre deu aten\u00e7\u00e3o, s\u00e3o pessoas que o presidente Lula tem o maior apre\u00e7o, procurou fazer a indexa\u00e7\u00e3o [do valor dos benef\u00edcios] pelo sal\u00e1rio m\u00ednimo, que foi t\u00e3o criticada pelo mercado. O golpe atingir a essas pessoas foi algo que o deixou pessoalmente indignado\u201d, afirmou o ministro.<\/p>\n<p>\u201cE que seja o dinheiro daquelas pessoas que fraudaram, que seja o dinheiro das associa\u00e7\u00f5es fraudulentas que ressar\u00e7a o governo para que o governo possa ressarcir os aposentados\u201d, defendeu.<\/p>\n<\/div>\n","protected":false},"excerpt":{"rendered":"<p>O ministro da Previd\u00eancia Social, Wolney Queiroz, disse nesta ter\u00e7a-feira\u00a0(10) que ainda n\u00e3o tem o n\u00famero final dos descontos indevidos<\/p>\n","protected":false},"author":2,"featured_media":0,"comment_status":"","ping_status":"","sticky":false,"template":"","format":"standard","meta":{"colormag_page_container_layout":"default_layout","colormag_page_sidebar_layout":"default_layout","footnotes":""},"categories":[],"tags":[],"class_list":["post-52653","post","type-post","status-publish","format-standard","hentry"],"_links":{"self":[{"href":"https:\/\/euvivoaselecao.com.br\/index.php\/wp-json\/wp\/v2\/posts\/52653","targetHints":{"allow":["GET"]}}],"collection":[{"href":"https:\/\/euvivoaselecao.com.br\/index.php\/wp-json\/wp\/v2\/posts"}],"about":[{"href":"https:\/\/euvivoaselecao.com.br\/index.php\/wp-json\/wp\/v2\/types\/post"}],"author":[{"embeddable":true,"href":"https:\/\/euvivoaselecao.com.br\/index.php\/wp-json\/wp\/v2\/users\/2"}],"replies":[{"embeddable":true,"href":"https:\/\/euvivoaselecao.com.br\/index.php\/wp-json\/wp\/v2\/comments?post=52653"}],"version-history":[{"count":0,"href":"https:\/\/euvivoaselecao.com.br\/index.php\/wp-json\/wp\/v2\/posts\/52653\/revisions"}],"wp:attachment":[{"href":"https:\/\/euvivoaselecao.com.br\/index.php\/wp-json\/wp\/v2\/media?parent=52653"}],"wp:term":[{"taxonomy":"category","embeddable":true,"href":"https:\/\/euvivoaselecao.com.br\/index.php\/wp-json\/wp\/v2\/categories?post=52653"},{"taxonomy":"post_tag","embeddable":true,"href":"https:\/\/euvivoaselecao.com.br\/index.php\/wp-json\/wp\/v2\/tags?post=52653"}],"curies":[{"name":"wp","href":"https:\/\/api.w.org\/{rel}","templated":true}]}}