{"id":52654,"date":"2025-06-11T03:37:22","date_gmt":"2025-06-11T06:37:22","guid":{"rendered":"https:\/\/euvivoaselecao.com.br\/index.php\/2025\/06\/11\/agencia-minas-gerais-defesa-civil-de-minas-alerta-para-queda-na-temperatura-e-possibilidade-de-geada-ate-domingo-15-6\/"},"modified":"2025-06-11T03:37:22","modified_gmt":"2025-06-11T06:37:22","slug":"agencia-minas-gerais-defesa-civil-de-minas-alerta-para-queda-na-temperatura-e-possibilidade-de-geada-ate-domingo-15-6","status":"publish","type":"post","link":"https:\/\/euvivoaselecao.com.br\/index.php\/2025\/06\/11\/agencia-minas-gerais-defesa-civil-de-minas-alerta-para-queda-na-temperatura-e-possibilidade-de-geada-ate-domingo-15-6\/","title":{"rendered":"Ag\u00eancia Minas Gerais | Defesa Civil de Minas alerta para queda na temperatura e possibilidade de geada at\u00e9 domingo (15\/6)"},"content":{"rendered":"<p><\/p>\n<div>\n<section class=\"news-related \/ col-md-4 col-lg-3 \/ margin-md-bottom-2 margin-left-1 \/ pull-right \/ hidden-xs hidden-sm\">\n<header>\n<p class=\"text-title-section \/ margin-bottom-1\">Relacionadas<\/p>\n<\/header>\n<p>\t\t\t\t\t\t\t<main><\/p>\n<hr class=\"row margin-md-bottom-2\"\/>\n<hr class=\"row margin-md-bottom-2\"\/>\n\t\t\t\t\t\t\t<\/main><br \/>\n\t\t\t\t\t\t<\/section>\n<p>O Governo de Minas, por meio da Coordenadoria Estadual de Defesa Civil (Cedec), emite alerta \u00e0 popula\u00e7\u00e3o para queda de temperatura e possibilidade de geada entre quarta-feira (11\/6) e domingo (15\/6). De acordo com o Sistema de Meteorologia e Recursos H\u00eddricos de Minas Gerais (Simge) e o Centro de Intelig\u00eancia em Defesa Civil (Cindec), a passagem e o avan\u00e7o de uma frente fria devem provocar\u00a0queda acentuada nas temperaturas em grande parte do estado.<\/p>\n<p>A partir da madrugada de quarta-feira (11\/6), as temperaturas despencam no Sul, Oeste, Campo das Vertentes e sul da Regi\u00e3o Metropolitana de Belo Horizonte (RMBH), com progress\u00e3o gradual para o Norte do estado a partir de quinta-feira (12\/6). Entre os dias 12 e 14\/6, a previs\u00e3o \u00e9 que as temperaturas m\u00ednimas fiquem abaixo de 6\u00baC em v\u00e1rias regi\u00f5es do Centro-Sul do estado, com destaque para o Leste do Tri\u00e2ngulo Mineiro, RMBH, Sul, Zona da Mata, Oeste e Campo das Vertentes.<\/p>\n<p>Essas condi\u00e7\u00f5es tamb\u00e9m aumentam a possibilidade de geada em parte do estado,\u00a0no leste do Tri\u00e2ngulo Mineiro, sul da regi\u00e3o Central, Oeste, Campo das Vertentes, sul da RMBH e na Zona da Mata, onde h\u00e1 chance de geada fraca.<\/p>\n<p>J\u00e1 na Serra da Mantiqueira, a previs\u00e3o aponta para geada moderada a forte, com expectativa de temperaturas negativas em pontos isolados. No Capara\u00f3, a geada est\u00e1 prevista para a madrugada e as primeiras horas da manh\u00e3 de s\u00e1bado (14\/6).<br \/>&#13;<br \/>\n\u00a0<\/p>\n<table align=\"center\" border=\"0\" cellpadding=\"1\" cellspacing=\"1\" style=\"width: 100%;\">&#13;<\/p>\n<tbody>&#13;<\/p>\n<tr>&#13;<\/p>\n<td colspan=\"5\" style=\"text-align: center; vertical-align: middle;\">&#13;<\/p>\n<p style=\"text-align:center\">\n<p>&#13;\n\t\t\t<\/td>\n<p>&#13;<br \/>\n\t\t<\/tr>\n<p>&#13;<\/p>\n<tr>&#13;<\/p>\n<td style=\"text-align: center; vertical-align: middle;\">\u00a0<\/td>\n<p>&#13;<\/p>\n<td colspan=\"3\" rowspan=\"3\" style=\"text-align: center; vertical-align: middle;\">&#13;<br \/>\n\t\t\t&#13;\n\t\t\t<\/td>\n<p>&#13;<\/p>\n<td style=\"text-align: center; vertical-align: middle;\">\u00a0<\/td>\n<p>&#13;<br \/>\n\t\t<\/tr>\n<p>&#13;<\/p>\n<tr>&#13;<\/p>\n<td style=\"text-align: center; vertical-align: middle;\">\u00a0<\/td>\n<p>&#13;<\/p>\n<td style=\"text-align: center; vertical-align: middle;\">\u00a0<\/td>\n<p>&#13;<br \/>\n\t\t<\/tr>\n<p>&#13;<\/p>\n<tr>&#13;<\/p>\n<td style=\"text-align: center; vertical-align: middle;\">\u00a0<\/td>\n<p>&#13;<\/p>\n<td style=\"text-align: center; vertical-align: middle;\">\u00a0<\/td>\n<p>&#13;<br \/>\n\t\t<\/tr>\n<p>&#13;<\/p>\n<tr>&#13;<\/p>\n<td colspan=\"5\" style=\"text-align: center; vertical-align: middle;\">&#13;<\/p>\n<p style=\"text-align:center\">\n<p>&#13;\n\t\t\t<\/td>\n<p>&#13;<br \/>\n\t\t<\/tr>\n<p>&#13;<br \/>\n\t<\/tbody>\n<p>&#13;<br \/>\n<\/table>\n<p>&#13;<br \/>\nPara receber alertas sobre o clima, a popula\u00e7\u00e3o pode se cadastrar gratuitamente, enviando o CEP por SMS para o n\u00famero 40199.<\/p>\n<p><strong>Dicas de preven\u00e7\u00e3o<\/strong><\/p>\n<p>\u2666 Vista roupas quentes em camadas, protegendo bem m\u00e3os, p\u00e9s, cabe\u00e7a e o pesco\u00e7o;\u00a0<\/p>\n<p>\u2666 Beba \u00e1gua com frequ\u00eancia ao longo do dia, mesmo sem sentir sede, para evitar a desidrata\u00e7\u00e3o;<\/p>\n<p>\u2666 Mantenha os ambientes ventilados, mesmo com janelas parcialmente abertas, para reduzir o risco de doen\u00e7as respirat\u00f3rias;<\/p>\n<p>\u2666 Use hidratantes corporais e protetor labial para prevenir o ressecamento da pele e dos l\u00e1bios;<\/p>\n<p>\u2666 Redobre os cuidados com crian\u00e7as, idosos, pessoas com doen\u00e7as respirat\u00f3rias e animais de estima\u00e7\u00e3o, pois s\u00e3o mais vulner\u00e1veis;<\/p>\n<p>\u2666 Em caso de emerg\u00eancia, ligue: 190 PMMG, 193 Bombeiros, 199 Defesa Civil, 192 Samu.\u00a0<\/p>\n<\/p><\/div>\n","protected":false},"excerpt":{"rendered":"<p>Relacionadas O Governo de Minas, por meio da Coordenadoria Estadual de Defesa Civil (Cedec), emite alerta \u00e0 popula\u00e7\u00e3o para queda<\/p>\n","protected":false},"author":1,"featured_media":0,"comment_status":"","ping_status":"","sticky":false,"template":"","format":"standard","meta":{"colormag_page_container_layout":"default_layout","colormag_page_sidebar_layout":"default_layout","footnotes":""},"categories":[1],"tags":[],"class_list":["post-52654","post","type-post","status-publish","format-standard","hentry","category-sem-categoria"],"_links":{"self":[{"href":"https:\/\/euvivoaselecao.com.br\/index.php\/wp-json\/wp\/v2\/posts\/52654","targetHints":{"allow":["GET"]}}],"collection":[{"href":"https:\/\/euvivoaselecao.com.br\/index.php\/wp-json\/wp\/v2\/posts"}],"about":[{"href":"https:\/\/euvivoaselecao.com.br\/index.php\/wp-json\/wp\/v2\/types\/post"}],"author":[{"embeddable":true,"href":"https:\/\/euvivoaselecao.com.br\/index.php\/wp-json\/wp\/v2\/users\/1"}],"replies":[{"embeddable":true,"href":"https:\/\/euvivoaselecao.com.br\/index.php\/wp-json\/wp\/v2\/comments?post=52654"}],"version-history":[{"count":0,"href":"https:\/\/euvivoaselecao.com.br\/index.php\/wp-json\/wp\/v2\/posts\/52654\/revisions"}],"wp:attachment":[{"href":"https:\/\/euvivoaselecao.com.br\/index.php\/wp-json\/wp\/v2\/media?parent=52654"}],"wp:term":[{"taxonomy":"category","embeddable":true,"href":"https:\/\/euvivoaselecao.com.br\/index.php\/wp-json\/wp\/v2\/categories?post=52654"},{"taxonomy":"post_tag","embeddable":true,"href":"https:\/\/euvivoaselecao.com.br\/index.php\/wp-json\/wp\/v2\/tags?post=52654"}],"curies":[{"name":"wp","href":"https:\/\/api.w.org\/{rel}","templated":true}]}}