{"id":52700,"date":"2025-06-11T15:38:58","date_gmt":"2025-06-11T18:38:58","guid":{"rendered":"https:\/\/euvivoaselecao.com.br\/index.php\/2025\/06\/11\/agencia-minas-gerais-inverno-em-minas-2025-valoriza-territorios-turisticos-e-celebra-a-estacao-com-cultura-e-experiencias-em-mais-de-300-cidades\/"},"modified":"2025-06-11T15:38:58","modified_gmt":"2025-06-11T18:38:58","slug":"agencia-minas-gerais-inverno-em-minas-2025-valoriza-territorios-turisticos-e-celebra-a-estacao-com-cultura-e-experiencias-em-mais-de-300-cidades","status":"publish","type":"post","link":"https:\/\/euvivoaselecao.com.br\/index.php\/2025\/06\/11\/agencia-minas-gerais-inverno-em-minas-2025-valoriza-territorios-turisticos-e-celebra-a-estacao-com-cultura-e-experiencias-em-mais-de-300-cidades\/","title":{"rendered":"Ag\u00eancia Minas Gerais | Inverno em Minas 2025 valoriza territ\u00f3rios tur\u00edsticos e celebra a esta\u00e7\u00e3o com cultura e experi\u00eancias em mais de 300 cidades"},"content":{"rendered":"<p><\/p>\n<div>\n<p>Minas Gerais convida o Brasil a viver um inverno com altitude, sil\u00eancio, lareira acesa e p\u00e3o de queijo saindo do forno a lenha. A campanha Inverno em Minas 2025, lan\u00e7ada\u00a0nesta quarta-feira (11\/6)\u00a0pelo Governo de Minas, por meio da Secretaria de Estado de Cultura e Turismo (Secult-MG), posiciona o estado como destino nacional do frio, com experi\u00eancias que unem gastronomia, montanhas, cultura e hospitalidade.<\/p>\n<p>Minas oferece ao viajante tr\u00eas grandes territ\u00f3rios de inverno: a Cordilheira do Espinha\u00e7o, a Mantiqueira de Minas e o Capara\u00f3 Mineiro. A campanha conta com a participa\u00e7\u00e3o de mais de 300 munic\u00edpios, com expectativa de 350 festas e eventos de junho a setembro. A expectativa \u00e9 de um fluxo tur\u00edstico de sete milh\u00f5es de pessoas nesse per\u00edodo.<\/p>\n<p>Entre os destaques est\u00e3o os festivais de inverno de cidades como Ouro Preto, Mariana, Tiradentes e Lima Duarte. O\u00a0Inverno Cultural em Gon\u00e7alves, Po\u00e7os de Caldas e Santa Rita do Sapuca\u00ed. Feiras de inverno no Pal\u00e1cio da Liberdade com vinhos, queijos e doces de tacho. O\u00a0Festival Capara\u00f3 Blues, festas e manifesta\u00e7\u00f5es culturais e comunit\u00e1rias como vesperatas, encontros de bandas, reinados, festivais gastron\u00f4micos e musicais, al\u00e9m de programa\u00e7\u00f5es especiais nos museus do Circuito Liberdade e da Funda\u00e7\u00e3o de Arte de Ouro Preto (Faop).<br \/>&#13;<br \/>\n\u00a0<\/p>\n<table align=\"center\" border=\"0\" cellpadding=\"1\" cellspacing=\"1\" style=\"width: 70%;\">&#13;<\/p>\n<tbody>&#13;<\/p>\n<tr>&#13;<\/p>\n<td colspan=\"5\" style=\"text-align: center; vertical-align: middle;\">&#13;<\/p>\n<p style=\"text-align:center\">\n<p>&#13;\n\t\t\t<\/td>\n<p>&#13;<br \/>\n\t\t<\/tr>\n<p>&#13;<\/p>\n<tr>&#13;<\/p>\n<td style=\"text-align: center; vertical-align: middle;\">\u00a0<\/td>\n<p>&#13;<\/p>\n<td colspan=\"3\" rowspan=\"3\" style=\"text-align: center; vertical-align: middle;\">&#13;<br \/>\n\t\t\t&#13;\n\t\t\t<\/td>\n<p>&#13;<\/p>\n<td style=\"text-align: center; vertical-align: middle;\">\u00a0<\/td>\n<p>&#13;<br \/>\n\t\t<\/tr>\n<p>&#13;<\/p>\n<tr>&#13;<\/p>\n<td style=\"text-align: center; vertical-align: middle;\">\u00a0<\/td>\n<p>&#13;<\/p>\n<td style=\"text-align: center; vertical-align: middle;\">\u00a0<\/td>\n<p>&#13;<br \/>\n\t\t<\/tr>\n<p>&#13;<\/p>\n<tr>&#13;<\/p>\n<td style=\"text-align: center; vertical-align: middle;\">\u00a0<\/td>\n<p>&#13;<\/p>\n<td style=\"text-align: center; vertical-align: middle;\">\u00a0<\/td>\n<p>&#13;<br \/>\n\t\t<\/tr>\n<p>&#13;<\/p>\n<tr>&#13;<\/p>\n<td colspan=\"5\" style=\"text-align: center; vertical-align: middle;\">&#13;<\/p>\n<p style=\"text-align:center\">\n<p>&#13;\n\t\t\t<\/td>\n<p>&#13;<br \/>\n\t\t<\/tr>\n<p>&#13;<br \/>\n\t<\/tbody>\n<p>&#13;<br \/>\n<\/table>\n<p>\u00a0<\/p>\n<p><strong>\u00a0Cordilheira do Espinha\u00e7o: frio das alturas e da liberdade<\/strong><br \/>&#13;<br \/>\n\u00a0<\/p>\n<figure class=\"image\" style=\"float:left\">&#13;<figcaption><em><sub>Secult-MG \/ Divulga\u00e7\u00e3o<\/sub><\/em><\/figcaption>&#13;<br \/>\n<\/figure>\n<p>A Cordilheira do Espinha\u00e7o, que atravessa Minas Gerais de Norte a Sul, inclui Belo Horizonte como porta de entrada, com o Circuito Liberdade e sua programa\u00e7\u00e3o cultural, e abriga alguns dos destinos mais simb\u00f3licos do inverno brasileiro. A regi\u00e3o combina patrim\u00f4nio hist\u00f3rico, espiritualidade, ecoturismo, arte popular e o frio de montanha.<\/p>\n<p>Santu\u00e1rio do Cara\u00e7a, Serra da Moeda, Catas Altas, Caet\u00e9 e Santa B\u00e1rbara oferecem hospedagens hist\u00f3ricas e clima serrano, vesperatas em Diamantina, boleratas no Serro, visitas \u00e0 vin\u00edcolas emergentes e experi\u00eancias com queijos artesanais se destacam na programa\u00e7\u00e3o.<\/p>\n<p><strong>Mantiqueira de Minas: as cidades mais frias do Brasil<\/strong><\/p>\n<p>Monte Verde, Maria da F\u00e9 e Gon\u00e7alves est\u00e3o entre as cidades mais frias do Brasil, com temperaturas que podem chegar a n\u00edveis negativos. Elas oferecem experi\u00eancias gastron\u00f4micas e sensoriais, com vinhos de altitude, fondue, azeites artesanais e caf\u00e9s premiados.<\/p>\n<p>Destaque para a Rota Vulc\u00e2nica em Po\u00e7os de Caldas e Andradas e gastronomia de inverno em Santa Rita do Sapuca\u00ed, Extrema, Baependi e Carmo de Minas<\/p>\n<p><strong>Capara\u00f3 Mineiro: sil\u00eancio e contempla\u00e7\u00e3o do frio<\/strong><\/p>\n<p>No Capara\u00f3 Mineiro, com o Pico da Bandeira a 2.892 metros de altitude, a mais imponente montanha do Sudeste brasileiro, o frio \u00e9 intenso, silencioso e sagrado. A regi\u00e3o se destaca por suas trilhas no Parque Nacional do Capara\u00f3, caf\u00e9s especiais, vinhos artesanais e experi\u00eancias de interioriza\u00e7\u00e3o.<\/p>\n<p>A Rota Capara\u00f3 Mineiro, que abrange os munic\u00edpios de Alto Capara\u00f3, Alto Jequitib\u00e1, Capara\u00f3 e Espera Feliz, oferece ainda alambiques centen\u00e1rios e vin\u00edcolas encantadoras entre montanhas, unindo tradi\u00e7\u00e3o e paisagens deslumbrantes.<\/p>\n<p><strong>Campanha nacional e experi\u00eancias reais<\/strong><\/p>\n<p>O Inverno em Minas 2025 ainda inclui parcerias com ag\u00eancias e operadoras para cria\u00e7\u00e3o de pacotes, roteiros com vin\u00edcolas, caf\u00e9s, queijarias e pousadas com lareira, press trips com jornalistas e influenciadores, al\u00e9m de ampla divulga\u00e7\u00e3o dos destinos na plataforma\u00a0www.minasgerais.com.br\u00a0e redes sociais @visiteminasgerais e @culturaeturismomg.\u00a0<\/p>\n<\/p><\/div>\n<p><script async src=\"\/\/www.instagram.com\/embed.js\"><\/script><\/p>\n","protected":false},"excerpt":{"rendered":"<p>Minas Gerais convida o Brasil a viver um inverno com altitude, sil\u00eancio, lareira acesa e p\u00e3o de queijo saindo do<\/p>\n","protected":false},"author":1,"featured_media":0,"comment_status":"","ping_status":"","sticky":false,"template":"","format":"standard","meta":{"colormag_page_container_layout":"default_layout","colormag_page_sidebar_layout":"default_layout","footnotes":""},"categories":[1],"tags":[],"class_list":["post-52700","post","type-post","status-publish","format-standard","hentry","category-sem-categoria"],"_links":{"self":[{"href":"https:\/\/euvivoaselecao.com.br\/index.php\/wp-json\/wp\/v2\/posts\/52700","targetHints":{"allow":["GET"]}}],"collection":[{"href":"https:\/\/euvivoaselecao.com.br\/index.php\/wp-json\/wp\/v2\/posts"}],"about":[{"href":"https:\/\/euvivoaselecao.com.br\/index.php\/wp-json\/wp\/v2\/types\/post"}],"author":[{"embeddable":true,"href":"https:\/\/euvivoaselecao.com.br\/index.php\/wp-json\/wp\/v2\/users\/1"}],"replies":[{"embeddable":true,"href":"https:\/\/euvivoaselecao.com.br\/index.php\/wp-json\/wp\/v2\/comments?post=52700"}],"version-history":[{"count":0,"href":"https:\/\/euvivoaselecao.com.br\/index.php\/wp-json\/wp\/v2\/posts\/52700\/revisions"}],"wp:attachment":[{"href":"https:\/\/euvivoaselecao.com.br\/index.php\/wp-json\/wp\/v2\/media?parent=52700"}],"wp:term":[{"taxonomy":"category","embeddable":true,"href":"https:\/\/euvivoaselecao.com.br\/index.php\/wp-json\/wp\/v2\/categories?post=52700"},{"taxonomy":"post_tag","embeddable":true,"href":"https:\/\/euvivoaselecao.com.br\/index.php\/wp-json\/wp\/v2\/tags?post=52700"}],"curies":[{"name":"wp","href":"https:\/\/api.w.org\/{rel}","templated":true}]}}