{"id":52712,"date":"2025-06-11T18:10:47","date_gmt":"2025-06-11T21:10:47","guid":{"rendered":"https:\/\/euvivoaselecao.com.br\/index.php\/2025\/06\/11\/agencia-minas-gerais-no-assembleia-fiscaliza-sistema-agricultura-mostra-conquistas-e-avancos-de-2025\/"},"modified":"2025-06-11T18:10:47","modified_gmt":"2025-06-11T21:10:47","slug":"agencia-minas-gerais-no-assembleia-fiscaliza-sistema-agricultura-mostra-conquistas-e-avancos-de-2025","status":"publish","type":"post","link":"https:\/\/euvivoaselecao.com.br\/index.php\/2025\/06\/11\/agencia-minas-gerais-no-assembleia-fiscaliza-sistema-agricultura-mostra-conquistas-e-avancos-de-2025\/","title":{"rendered":"Ag\u00eancia Minas Gerais | No \u2018Assembleia Fiscaliza\u2019, Sistema Agricultura mostra conquistas e avan\u00e7os de 2025"},"content":{"rendered":"<p><\/p>\n<div>\n<p>Entregas de t\u00edtulos de regulariza\u00e7\u00e3o de propriedades rurais, de kits irriga\u00e7\u00e3o, leis mais modernas e recordes sucessivos em exporta\u00e7\u00f5es foram os destaques que a Secretaria de Estado de Agricultura, Pecu\u00e1ria e Abastecimento (Seapa) apresentou nesta quarta-feira (11\/6) no Assembleia Fiscaliza, iniciativa do Legislativo, na qual gestores do Poder Executivo prestam contas das principais realiza\u00e7\u00f5es de cada \u00f3rg\u00e3o.\u00a0<\/p>\n<p>Considerada uma das pol\u00edticas p\u00fablicas mais importantes da Seapa, o Programa Estadual de Regulariza\u00e7\u00e3o Fundi\u00e1ria Rural concedeu, s\u00f3 neste ano, 1.026 t\u00edtulos de posse para agricultores. A iniciativa conta com parceria das prefeituras municipais e espera entregar, at\u00e9 o fim desta gest\u00e3o, 16 mil documentos. Desde 2019, j\u00e1 foram cerca de 10 mil t\u00edtulos que permitiram aos agricultores ter acesso a cr\u00e9dito e pol\u00edticas p\u00fablicas.\u00a0<\/p>\n<p>Os kits irriga\u00e7\u00e3o foram outra grande realiza\u00e7\u00e3o destacada no Assembleia Fiscaliza. Em 2025 j\u00e1 foram 3.626 kits entregues e, de 2019 a 2026, os recursos somar\u00e3o mais de R$ 27 milh\u00f5es, com cerca de 20 mil kits entregues. A a\u00e7\u00e3o tamb\u00e9m \u00e9 uma ferramenta importante para potencializar a Pol\u00edtica Estadual de Agricultura Irrigada Sustent\u00e1vel em Minas Gerais, que visa ampliar as \u00e1reas irrigadas no estado e o acesso dos agricultores a essa tecnologia.<\/p>\n<p>O secret\u00e1rio Thales Fernandes ainda ressaltou os expressivos recordes nas exporta\u00e7\u00f5es do setor, que ultrapassaram R$ 100 bilh\u00f5es e colocaram o agro como carro-chefe do estado, \u00e0 frente da minera\u00e7\u00e3o. \u201cCom o apoio da Assembleia Legislativa, o nosso agro est\u00e1 crescendo e ficando cada vez mais forte. Fui muito bem recebido pelos nossos deputados, para os quais estaremos sempre \u00e0 disposi\u00e7\u00e3o para mostrar a for\u00e7a do agro em Minas Gerais\u201d, comentou.<\/p>\n<p><strong>Seguran\u00e7a para produtores e compradores<\/strong><\/p>\n<p>Thales Fernandes ainda trouxe os avan\u00e7os na regulariza\u00e7\u00e3o de produtores de queijos e na sanidade animal. As portarias 2373 e 2377 foram lembradas como marcos em 2025 &#8211; a primeira atualizou a legisla\u00e7\u00e3o dos chamados &#8220;queijos artesanais autorais\u201d e a segunda criou o Regulamento T\u00e9cnico de Identidade e Qualidade do Queijo Cabacinha, iguaria tradicional da regi\u00e3o do Vale do Jequitinhonha e patrim\u00f4nio cultural e imaterial de Minas.<\/p>\n<p>O reconhecimento internacional de Minas Gerais como zona livre de febre aftosa sem vacina\u00e7\u00e3o pela Organiza\u00e7\u00e3o Mundial de Sa\u00fade Animal (OMSA), um marco na defesa agropecu\u00e1ria, tamb\u00e9m foi destacado. A oficializa\u00e7\u00e3o do status foi durante a 92\u00aa Sess\u00e3o Geral da Assembleia Mundial de Delegados, em Paris.\u00a0<\/p>\n<p><strong>Vinculadas<\/strong><\/p>\n<p>Dentre as vinculadas do Sistema Agricultura, o balan\u00e7o tamb\u00e9m n\u00e3o poderia ser melhor. A Empresa Mineira de Assist\u00eancia T\u00e9cnica e Extens\u00e3o Rural (Emater-MG) comemora 136 mil agricultores familiares assistidos em 2025, com 1,06 milh\u00e3o de atendimentos nesse per\u00edodo, e destaque para a Inclus\u00e3o Produtiva, com suporte a 88.434 clientes.<\/p>\n<p>A Empresa de Pesquisa Agropecu\u00e1ria de Minas Gerais (Epamig) destacou suas 11 tecnologias geradas, 626 eventos t\u00e9cnico-cient\u00edficos e 25.502 mudas e 29 toneladas de sementes entregues a agricultores, dentre outros pontos positivos de 2025.\u00a0<\/p>\n<p>Entre emiss\u00e3o de certificados do Certifica Minas, fiscaliza\u00e7\u00f5es e vistorias, em 2025 o Instituto Mineiro de Agropecu\u00e1ria (IMA) teve participa\u00e7\u00e3o fundamental no reconhecimento de Minas Gerais como zona livre de febre aftosa sem vacina\u00e7\u00e3o, gra\u00e7as ao trabalho s\u00e9rio do \u00f3rg\u00e3o. Exatamente para aprimorar essa atividade, est\u00e1 em execu\u00e7\u00e3o um conv\u00eanio entre IMA e Universidade Federal de Lavras (UFLA) para moderniza\u00e7\u00e3o dos servi\u00e7os de defesa agropecu\u00e1ria.<\/p>\n<\/p><\/div>\n","protected":false},"excerpt":{"rendered":"<p>Entregas de t\u00edtulos de regulariza\u00e7\u00e3o de propriedades rurais, de kits irriga\u00e7\u00e3o, leis mais modernas e recordes sucessivos em exporta\u00e7\u00f5es foram<\/p>\n","protected":false},"author":1,"featured_media":0,"comment_status":"","ping_status":"","sticky":false,"template":"","format":"standard","meta":{"colormag_page_container_layout":"default_layout","colormag_page_sidebar_layout":"default_layout","footnotes":""},"categories":[1],"tags":[],"class_list":["post-52712","post","type-post","status-publish","format-standard","hentry","category-sem-categoria"],"_links":{"self":[{"href":"https:\/\/euvivoaselecao.com.br\/index.php\/wp-json\/wp\/v2\/posts\/52712","targetHints":{"allow":["GET"]}}],"collection":[{"href":"https:\/\/euvivoaselecao.com.br\/index.php\/wp-json\/wp\/v2\/posts"}],"about":[{"href":"https:\/\/euvivoaselecao.com.br\/index.php\/wp-json\/wp\/v2\/types\/post"}],"author":[{"embeddable":true,"href":"https:\/\/euvivoaselecao.com.br\/index.php\/wp-json\/wp\/v2\/users\/1"}],"replies":[{"embeddable":true,"href":"https:\/\/euvivoaselecao.com.br\/index.php\/wp-json\/wp\/v2\/comments?post=52712"}],"version-history":[{"count":0,"href":"https:\/\/euvivoaselecao.com.br\/index.php\/wp-json\/wp\/v2\/posts\/52712\/revisions"}],"wp:attachment":[{"href":"https:\/\/euvivoaselecao.com.br\/index.php\/wp-json\/wp\/v2\/media?parent=52712"}],"wp:term":[{"taxonomy":"category","embeddable":true,"href":"https:\/\/euvivoaselecao.com.br\/index.php\/wp-json\/wp\/v2\/categories?post=52712"},{"taxonomy":"post_tag","embeddable":true,"href":"https:\/\/euvivoaselecao.com.br\/index.php\/wp-json\/wp\/v2\/tags?post=52712"}],"curies":[{"name":"wp","href":"https:\/\/api.w.org\/{rel}","templated":true}]}}