{"id":52716,"date":"2025-06-11T19:23:55","date_gmt":"2025-06-11T22:23:55","guid":{"rendered":"https:\/\/euvivoaselecao.com.br\/index.php\/2025\/06\/11\/feminino-autora-do-gol-da-virada-mavi-fala-sobre-a-classificacao-do-vasco-na-copa-do-brasil-veja-video\/"},"modified":"2025-06-11T19:23:55","modified_gmt":"2025-06-11T22:23:55","slug":"feminino-autora-do-gol-da-virada-mavi-fala-sobre-a-classificacao-do-vasco-na-copa-do-brasil-veja-video","status":"publish","type":"post","link":"https:\/\/euvivoaselecao.com.br\/index.php\/2025\/06\/11\/feminino-autora-do-gol-da-virada-mavi-fala-sobre-a-classificacao-do-vasco-na-copa-do-brasil-veja-video\/","title":{"rendered":"Feminino: Autora do gol da virada, Mavi fala sobre a classifica\u00e7\u00e3o do Vasco na Copa do Brasil; veja v\u00eddeo"},"content":{"rendered":"<p><\/p>\n<div>\n<div>\n<p>Feminino: Autora do gol da virada, Mavi fala sobre a classifica\u00e7\u00e3o do Vasco na Copa do Brasil; veja v\u00eddeo<\/p>\n<p>Quarta-feira, 11\/06\/2025  \u2013 17:34<\/p>\n<div class=\"corpo\">Vasco Feminino @vasco_feminino<\/p>\n<p>FAAAAAALA, PRINCESINHA DA COLINA! \ud83d\udde3\ufe0f<\/p>\n<p>Mavi, autora do gol da virada do Vasco no duelo compartilhou o sentimento de decidir mais uma vez com a camisa do Gigante da Colina \ud83d\udca2\n<\/p>\n<p>#MeninasDaColina<\/p>\n<p>#VascoDaGama\n<\/p>\n<p><center><\/center><\/p>\n<p>Fonte: X oficial Vasco Feminino<\/p>\n<\/div>\n<\/div>\n<p><!-- CONTENT END 2 -->\n<\/div>\n<p><script async defer crossorigin=\"anonymous\" src=\"https:\/\/connect.facebook.net\/pt_BR\/sdk.js#xfbml=1&amp;version=v12.0&amp;appId=114327694422&amp;autoLogAppEvents=1\" nonce=\"4kp7RAsD\"><\/script><\/p>\n","protected":false},"excerpt":{"rendered":"<p>Feminino: Autora do gol da virada, Mavi fala sobre a classifica\u00e7\u00e3o do Vasco na Copa do Brasil; veja v\u00eddeo Quarta-feira,<\/p>\n","protected":false},"author":1,"featured_media":0,"comment_status":"","ping_status":"","sticky":false,"template":"","format":"standard","meta":{"colormag_page_container_layout":"default_layout","colormag_page_sidebar_layout":"default_layout","footnotes":""},"categories":[1],"tags":[],"class_list":["post-52716","post","type-post","status-publish","format-standard","hentry","category-sem-categoria"],"_links":{"self":[{"href":"https:\/\/euvivoaselecao.com.br\/index.php\/wp-json\/wp\/v2\/posts\/52716","targetHints":{"allow":["GET"]}}],"collection":[{"href":"https:\/\/euvivoaselecao.com.br\/index.php\/wp-json\/wp\/v2\/posts"}],"about":[{"href":"https:\/\/euvivoaselecao.com.br\/index.php\/wp-json\/wp\/v2\/types\/post"}],"author":[{"embeddable":true,"href":"https:\/\/euvivoaselecao.com.br\/index.php\/wp-json\/wp\/v2\/users\/1"}],"replies":[{"embeddable":true,"href":"https:\/\/euvivoaselecao.com.br\/index.php\/wp-json\/wp\/v2\/comments?post=52716"}],"version-history":[{"count":0,"href":"https:\/\/euvivoaselecao.com.br\/index.php\/wp-json\/wp\/v2\/posts\/52716\/revisions"}],"wp:attachment":[{"href":"https:\/\/euvivoaselecao.com.br\/index.php\/wp-json\/wp\/v2\/media?parent=52716"}],"wp:term":[{"taxonomy":"category","embeddable":true,"href":"https:\/\/euvivoaselecao.com.br\/index.php\/wp-json\/wp\/v2\/categories?post=52716"},{"taxonomy":"post_tag","embeddable":true,"href":"https:\/\/euvivoaselecao.com.br\/index.php\/wp-json\/wp\/v2\/tags?post=52716"}],"curies":[{"name":"wp","href":"https:\/\/api.w.org\/{rel}","templated":true}]}}