{"id":52718,"date":"2025-06-11T19:34:59","date_gmt":"2025-06-11T22:34:59","guid":{"rendered":"https:\/\/euvivoaselecao.com.br\/index.php\/2025\/06\/11\/procon-jp-suspende-atendimento-a-partir-das-16h-desta-quinta-feira-e-retorna-na-proxima-segunda\/"},"modified":"2025-06-11T19:34:59","modified_gmt":"2025-06-11T22:34:59","slug":"procon-jp-suspende-atendimento-a-partir-das-16h-desta-quinta-feira-e-retorna-na-proxima-segunda","status":"publish","type":"post","link":"https:\/\/euvivoaselecao.com.br\/index.php\/2025\/06\/11\/procon-jp-suspende-atendimento-a-partir-das-16h-desta-quinta-feira-e-retorna-na-proxima-segunda\/","title":{"rendered":"Procon-JP suspende atendimento a partir das 16h desta quinta-feira e retorna na pr\u00f3xima segunda"},"content":{"rendered":"<p><\/p>\n<div>\n<p>Devido \u00e0 dedetiza\u00e7\u00e3o de todo pr\u00e9dio, o Procon-JP ir\u00e1 suspender temporariamente o atendimento em todos os setores da sede, no bairro Tambi\u00e1, a partir das 16h desta quinta-feira (12). O servi\u00e7o ao p\u00fablico s\u00f3 retorna na pr\u00f3xima segunda-feira (16), em hor\u00e1rio normal, das 8h \u00e0s 17h.<\/p>\n<figure class=\"wp-block-image size-large\"><\/figure>\n<p>O secret\u00e1rio de Prote\u00e7\u00e3o e Defesa do Consumidor, Junior Pires, explicou que h\u00e1 a necessidade de higienizar o pr\u00e9dio, uma vez que, nessa \u00e9poca de chuvas, \u00e9 comum o surgimento de insetos que podem prejudicar a sa\u00fade. \u201cTamb\u00e9m vamos dedetizar a parte externa pelo mesmo motivo\u201d, afirmou.<\/p>\n<p>O titular do Procon-JP pede desculpas e paci\u00eancia ao cidad\u00e3o pessoense pelo transtorno, mas a a\u00e7\u00e3o \u00e9 necess\u00e1ria para que a sa\u00fade do servidor e do p\u00fablico que procura atendimento seja garantida. \u201cSer\u00e3o apenas uma hora na quinta-feira e o dia todo na sexta-feira. Estamos cuidando para que o ambiente seja limpo o suficiente para garantir que ningu\u00e9m seja prejudicado\u201d, disse.<\/p>\n<p>O atendimento ao consumidor na sede volta ao normal na pr\u00f3xima segunda-feira, iniciando \u00e0s 8h com a equipe do SAC trabalhando a todo vapor, assim como as dos setores de pesquisa de fiscaliza\u00e7\u00e3o. \u201cVoltaremos a dar toda a assist\u00eancia necess\u00e1ria para quem procurar os servi\u00e7os da Secretaria no in\u00edcio da pr\u00f3xima semana\u201d, frisou Junior Pires.<\/p>\n<p><strong>Atendimentos do Procon-JP:<\/strong><\/p>\n<p>Sede:Avenida Pedro I,n\u00ba 382, Tambi\u00e1, das 8h \u00e0s 17;<\/p>\n<p>Telefone:0800 083 2015<\/p>\n<p>Procon-JP na sua m\u00e3o: 9 8665-0179;<\/p>\n<p>WhatsApp Transporte p\u00fablico:9 8873-9976;<\/p>\n<p>Instragram: @procon_jp;<\/p>\n<p>Site: procon.joaopessoa.pb.gov.br;<\/p>\n<p>Procon-JP Digital:totens instalados nos shoppings Mangabeira, Mana\u00edra, Tambi\u00e1 e Parahyba Mall<\/p>\n<\/p><\/div>\n","protected":false},"excerpt":{"rendered":"<p>Devido \u00e0 dedetiza\u00e7\u00e3o de todo pr\u00e9dio, o Procon-JP ir\u00e1 suspender temporariamente o atendimento em todos os setores da sede, no<\/p>\n","protected":false},"author":1,"featured_media":0,"comment_status":"","ping_status":"","sticky":false,"template":"","format":"standard","meta":{"colormag_page_container_layout":"default_layout","colormag_page_sidebar_layout":"default_layout","footnotes":""},"categories":[1],"tags":[],"class_list":["post-52718","post","type-post","status-publish","format-standard","hentry","category-sem-categoria"],"_links":{"self":[{"href":"https:\/\/euvivoaselecao.com.br\/index.php\/wp-json\/wp\/v2\/posts\/52718","targetHints":{"allow":["GET"]}}],"collection":[{"href":"https:\/\/euvivoaselecao.com.br\/index.php\/wp-json\/wp\/v2\/posts"}],"about":[{"href":"https:\/\/euvivoaselecao.com.br\/index.php\/wp-json\/wp\/v2\/types\/post"}],"author":[{"embeddable":true,"href":"https:\/\/euvivoaselecao.com.br\/index.php\/wp-json\/wp\/v2\/users\/1"}],"replies":[{"embeddable":true,"href":"https:\/\/euvivoaselecao.com.br\/index.php\/wp-json\/wp\/v2\/comments?post=52718"}],"version-history":[{"count":0,"href":"https:\/\/euvivoaselecao.com.br\/index.php\/wp-json\/wp\/v2\/posts\/52718\/revisions"}],"wp:attachment":[{"href":"https:\/\/euvivoaselecao.com.br\/index.php\/wp-json\/wp\/v2\/media?parent=52718"}],"wp:term":[{"taxonomy":"category","embeddable":true,"href":"https:\/\/euvivoaselecao.com.br\/index.php\/wp-json\/wp\/v2\/categories?post=52718"},{"taxonomy":"post_tag","embeddable":true,"href":"https:\/\/euvivoaselecao.com.br\/index.php\/wp-json\/wp\/v2\/tags?post=52718"}],"curies":[{"name":"wp","href":"https:\/\/api.w.org\/{rel}","templated":true}]}}