{"id":53236,"date":"2025-06-16T13:02:42","date_gmt":"2025-06-16T16:02:42","guid":{"rendered":"https:\/\/euvivoaselecao.com.br\/index.php\/2025\/06\/16\/agencia-minas-gerais-governo-de-minas-trabalha-por-reabertura-do-mercado-chines-para-frango-brasileiro-apos-caso-de-gripe-aviaria\/"},"modified":"2025-06-16T13:02:42","modified_gmt":"2025-06-16T16:02:42","slug":"agencia-minas-gerais-governo-de-minas-trabalha-por-reabertura-do-mercado-chines-para-frango-brasileiro-apos-caso-de-gripe-aviaria","status":"publish","type":"post","link":"https:\/\/euvivoaselecao.com.br\/index.php\/2025\/06\/16\/agencia-minas-gerais-governo-de-minas-trabalha-por-reabertura-do-mercado-chines-para-frango-brasileiro-apos-caso-de-gripe-aviaria\/","title":{"rendered":"Ag\u00eancia Minas Gerais | Governo de Minas trabalha por reabertura do mercado chin\u00eas para frango brasileiro ap\u00f3s caso de gripe avi\u00e1ria"},"content":{"rendered":"<p><\/p>\n<div>\n<section class=\"news-related \/ col-md-4 col-lg-3 \/ margin-md-bottom-2 margin-left-1 \/ pull-right \/ hidden-xs hidden-sm\">\n<header>\n<p class=\"text-title-section \/ margin-bottom-1\">Relacionadas<\/p>\n<\/header>\n<p>\t\t\t\t\t\t\t<main><\/p>\n<hr class=\"row margin-md-bottom-2\"\/>\n<hr class=\"row margin-md-bottom-2\"\/>\n\t\t\t\t\t\t\t<\/main><br \/>\n\t\t\t\t\t\t<\/section>\n<p>O governador de Minas Gerais, Romeu Zema, se reuniu nesta segunda-feira (16\/6), em Pequim, na China, com o vice-ministro de Com\u00e9rcio Exterior chin\u00eas, Li Chenggang. Um dos assuntos abordados no encontro foi a possibilidade de suspens\u00e3o parcial dos embargos \u00e0 carne de frango brasileira, ap\u00f3s a identifica\u00e7\u00e3o de um caso de gripe avi\u00e1ria, em uma ave de granja no Rio Grande do Sul.<\/p>\n<p>A detec\u00e7\u00e3o do v\u00edrus H5N1 em uma de granja, ocorrida h\u00e1 algumas semanas, levou diversos pa\u00edses, incluindo a China, a impor restri\u00e7\u00f5es \u00e0 importa\u00e7\u00e3o de produtos av\u00edcolas do Brasil. Embora o caso tenha ocorrido de forma isolada, o temor de contamina\u00e7\u00e3o levou a medidas preventivas por parte de parceiros comerciais.<\/p>\n<p>Durante a reuni\u00e3o, o governador Zema apresentou dados para comprovar a seguran\u00e7a da carne de frango brasileira, em especial a mineira, enfatizando que o caso de gripe avi\u00e1ria no Rio Grande do Sul impactou minimamente a produ\u00e7\u00e3o comercial e que todas as medidas de biosseguran\u00e7a est\u00e3o sendo rigorosamente aplicadas.<\/p>\n<p>\u201cEssa ocorr\u00eancia em aves ornamentais em Minas\u00a0n\u00e3o compromete a cadeia produtiva de forma abrangente, e o estado segue o compromisso com os padr\u00f5es sanit\u00e1rios internacionais. N\u00f3s estamos sempre de portas abertas para entregar alimento da melhor qualidade para os brasileiros, chineses e todos que consomem das nossas produ\u00e7\u00f5es\u201d, disse.<\/p>\n<p>A China \u00e9 um dos maiores importadores de carne de frango do Brasil, e a manuten\u00e7\u00e3o das barreiras comerciais representa um impacto significativo para o setor av\u00edcola brasileiro, que \u00e9 um dos mais importantes do agroneg\u00f3cio nacional. Minas Gerais, em particular, possui uma forte presen\u00e7a na produ\u00e7\u00e3o de aves e ovos, e a miss\u00e3o do governador reflete a urg\u00eancia em reverter a situa\u00e7\u00e3o.<\/p>\n<p>Ainda durante a\u00a0conversa, o governador convidou os membros do governo chin\u00eas a visitarem o Brasil e confirmarem a situa\u00e7\u00e3o de seguran\u00e7a sanit\u00e1ria e o trabalho que \u00f3rg\u00e3os do Governo de Minas respons\u00e1veis.<\/p>\n<p>O vice-ministro chin\u00eas demonstrou abertura ao di\u00e1logo e se comprometeu a levar ao alto escal\u00e3o chin\u00eas as informa\u00e7\u00f5es e a solicita\u00e7\u00e3o de suspens\u00e3o parcial apresentadas pelo governo mineiro. A expectativa \u00e9 que as negocia\u00e7\u00f5es possam flexibilizar as restri\u00e7\u00f5es, possivelmente com a ado\u00e7\u00e3o de regionaliza\u00e7\u00e3o, permitindo a retomada das exporta\u00e7\u00f5es de regi\u00f5es isoladas e n\u00e3o afetadas pela ocorr\u00eancia do v\u00edrus.<\/p>\n<p>O setor av\u00edcola brasileiro aguarda com expectativa os desdobramentos das negocia\u00e7\u00f5es em Pequim, na esperan\u00e7a de que o mercado chin\u00eas seja reaberto em breve, garantindo a sustentabilidade de milhares de empregos e a continuidade de um setor vital para a economia do pa\u00eds.<\/p>\n<p><strong>Compromisso com a fiscaliza\u00e7\u00e3o<\/strong><\/p>\n<p>A situa\u00e7\u00e3o da gripe avi\u00e1ria no Brasil tem sido monitorada de perto pelas autoridades sanit\u00e1rias. O Instituto Mineiro de Agropecu\u00e1ria (IMA), em conjunto com o Minist\u00e9rio da Agricultura e Pecu\u00e1ria\u00a0(Mapa), tem atuado para conter o v\u00edrus e garantir a sanidade do rebanho av\u00edcola mineiro. A proatividade em dialogar com os parceiros comerciais s\u00e3o cruciais para minimizar os impactos econ\u00f4micos da gripe avi\u00e1ria.<\/p>\n<p>Al\u00e9m disso, o IMA promove continuamente estrat\u00e9gias de vigil\u00e2ncia epidemiol\u00f3gica para as doen\u00e7as av\u00edcolas de controle oficial: newcastle, salmonelose e micoplasmose. As a\u00e7\u00f5es incluem medidas de biosseguridade das granjas comerciais, pol\u00edticas de educa\u00e7\u00e3o sanit\u00e1ria e vigil\u00e2ncia nas propriedades classificadas como risco, cadastro e vistoria em criat\u00f3rios de subsist\u00eancia.<\/p>\n<p>Minas Gerais responde hoje pela segunda maior produ\u00e7\u00e3o de ovos do pa\u00eds e a quinta maior na produ\u00e7\u00e3o de galin\u00e1ceos.\u00a0<\/p>\n<\/p><\/div>\n","protected":false},"excerpt":{"rendered":"<p>Relacionadas O governador de Minas Gerais, Romeu Zema, se reuniu nesta segunda-feira (16\/6), em Pequim, na China, com o vice-ministro<\/p>\n","protected":false},"author":1,"featured_media":0,"comment_status":"","ping_status":"","sticky":false,"template":"","format":"standard","meta":{"colormag_page_container_layout":"default_layout","colormag_page_sidebar_layout":"default_layout","footnotes":""},"categories":[1],"tags":[],"class_list":["post-53236","post","type-post","status-publish","format-standard","hentry","category-sem-categoria"],"_links":{"self":[{"href":"https:\/\/euvivoaselecao.com.br\/index.php\/wp-json\/wp\/v2\/posts\/53236","targetHints":{"allow":["GET"]}}],"collection":[{"href":"https:\/\/euvivoaselecao.com.br\/index.php\/wp-json\/wp\/v2\/posts"}],"about":[{"href":"https:\/\/euvivoaselecao.com.br\/index.php\/wp-json\/wp\/v2\/types\/post"}],"author":[{"embeddable":true,"href":"https:\/\/euvivoaselecao.com.br\/index.php\/wp-json\/wp\/v2\/users\/1"}],"replies":[{"embeddable":true,"href":"https:\/\/euvivoaselecao.com.br\/index.php\/wp-json\/wp\/v2\/comments?post=53236"}],"version-history":[{"count":0,"href":"https:\/\/euvivoaselecao.com.br\/index.php\/wp-json\/wp\/v2\/posts\/53236\/revisions"}],"wp:attachment":[{"href":"https:\/\/euvivoaselecao.com.br\/index.php\/wp-json\/wp\/v2\/media?parent=53236"}],"wp:term":[{"taxonomy":"category","embeddable":true,"href":"https:\/\/euvivoaselecao.com.br\/index.php\/wp-json\/wp\/v2\/categories?post=53236"},{"taxonomy":"post_tag","embeddable":true,"href":"https:\/\/euvivoaselecao.com.br\/index.php\/wp-json\/wp\/v2\/tags?post=53236"}],"curies":[{"name":"wp","href":"https:\/\/api.w.org\/{rel}","templated":true}]}}