{"id":53238,"date":"2025-06-16T13:42:30","date_gmt":"2025-06-16T16:42:30","guid":{"rendered":"https:\/\/euvivoaselecao.com.br\/index.php\/2025\/06\/16\/egito-e-milicias-da-libia-bloqueiam-marcha-global-a-gaza\/"},"modified":"2025-06-16T13:42:30","modified_gmt":"2025-06-16T16:42:30","slug":"egito-e-milicias-da-libia-bloqueiam-marcha-global-a-gaza","status":"publish","type":"post","link":"https:\/\/euvivoaselecao.com.br\/index.php\/2025\/06\/16\/egito-e-milicias-da-libia-bloqueiam-marcha-global-a-gaza\/","title":{"rendered":"Egito e mil\u00edcias da L\u00edbia bloqueiam marcha global a Gaza"},"content":{"rendered":"<p><\/p>\n<div wp_automatic_readability=\"82.816447191615\">\n<p>A Marcha Global a Gaza, marcada para ocorrer nesse domingo (15), foi impedida pelas autoridades eg\u00edpcias de seguir at\u00e9 a fronteira com o territ\u00f3rio palestino. J\u00e1 o comboio que vinha do Norte da \u00c1frica foi bloqueado por mil\u00edcias que controlam o leste da L\u00edbia, segundo informa\u00e7\u00f5es da organiza\u00e7\u00e3o da manifesta\u00e7\u00e3o. Al\u00e9m disso, lideran\u00e7as da marcha foram detidas e deportadas do Cairo, capital do Egito. \u00a0\u00a0<\/p>\n<blockquote wp_automatic_readability=\"10\">\n<p>\u201cA Marcha Global para Gaza pede a liberta\u00e7\u00e3o de todos os participantes detidos. Dois coordenadores internacionais foram detidos ilegalmente no final de semana e processados \u200b\u200bpara deporta\u00e7\u00e3o\u201d, disse, em nota, a organiza\u00e7\u00e3o do protesto.<\/p>\n<\/blockquote>\n<p>A marcha pretendia reunir milhares de pessoas no Egito, em uma caminhada de tr\u00eas dias\u00a0pela Pen\u00ednsula do Sinai\u00a0at\u00e9 Rafah, primeira cidade ao sul da Faixa de Gaza. Ativistas de mais de 50 pa\u00edses se organizaram para o ato. O objetivo era denunciar o cerco de Israel ao enclave palestino e pressionar pela abertura total da passagem para entrada de ajuda humanit\u00e1ria.<\/p>\n<p><strong>Tesouro paga R$ 1,1 bilh\u00e3o em d\u00edvidas de estados e munic\u00edpios em maio<\/strong><\/p>\n<p><strong>Gaza tem 40 mortos, metade perto de local de distribui\u00e7\u00e3o de alimentos<\/strong><\/p>\n<p><strong>A brasileira Adriana Machado, do Partido da Causa Oper\u00e1ria (PCO), viajou para a manifesta\u00e7\u00e3o, mas contou \u00e0 Ag\u00eancia Brasil que a marcha foi proibida de seguir viagem pelas for\u00e7as de seguran\u00e7a do Egito, que prendeu e deportou muitos ativistas.<\/strong><\/p>\n<blockquote wp_automatic_readability=\"15\">\n<p>\u201cMuitas pessoas que estavam no posto de checagem,\u00a0no meio da estrada, ainda est\u00e3o desaparecidas. No nosso hotel em Ismalia, tentamos ir a um restaurante e policiais armados interrogaram nosso motorista de t\u00e1xi. Quando perguntamos o que estava acontecendo, eles falaram que poder\u00edamos voltar para o Cairo ou para o aeroporto. Qualquer outro lugar, ser\u00edamos presos\u201d, disse a brasileira, que saiu ontem do Cairo.<\/p>\n<\/blockquote>\n<p>&gt;&gt; Siga o canal da<strong> Ag\u00eancia Brasil <\/strong>no WhatsApp<\/p>\n<p><strong>Um dos principais organizadores da manifesta\u00e7\u00e3o, Saif Abukeshek, afirmou\u00a0que outras iniciativas ser\u00e3o realizadas fora do Egito devido \u00e0s condi\u00e7\u00f5es impostas pelo governo do pa\u00eds \u00e1rabe.<\/strong><\/p>\n<p><strong>Mercado prev\u00ea crescimento econ\u00f4mico de 2,2% em 2025<\/strong><\/p>\n<p><strong>Come\u00e7a confer\u00eancia de Bonn que abre negocia\u00e7\u00f5es para COP30<\/strong><\/p>\n<blockquote wp_automatic_readability=\"7\">\n<p>\u201cNosso movimento global para acabar com o genoc\u00eddio do povo palestino n\u00e3o ser\u00e1 dissuadido. Mais a\u00e7\u00f5es e iniciativas j\u00e1 est\u00e3o em andamento\u201d, disse Abukeshek.<\/p>\n<\/blockquote>\n<p><strong>Israel pediu que o Egito impedisse que os manifestantes marchassem at\u00e9 a fronteira com Gaza e, na \u00faltima sexta-feira (11), ao menos 200 pessoas j\u00e1 haviam sido deportadas<\/strong>. O governo do Egito exigia que os manifestantes tivessem autoriza\u00e7\u00e3o do pa\u00eds para participar da marcha. J\u00e1 a organiza\u00e7\u00e3o informou que vinha solicitando todas as permiss\u00f5es exigidas.\u00a0<\/p>\n<p>O chamado comboio Sumood, que saiu em caravanas de pa\u00edses do Norte da \u00c1frica \u2013 como Tun\u00edsia, Marrocos, Arg\u00e9lia, Maurit\u00e2nia e L\u00edbia \u2013 informou que foram impedidos de seguir viagem at\u00e9 o Egito devido \u00e0\u00a0atua\u00e7\u00e3o das mil\u00edcias Khalifa Haftar\u2019s que controlam o leste da L\u00edbia.<\/p>\n<blockquote wp_automatic_readability=\"14\">\n<p>\u201cO comboio foi parado, perseguido e teve v\u00e1rios membros detidos por essas mil\u00edcias apoiadas por Israel e pelos Emirados \u00c1rabes Unidos. Em contraste, o comboio recebeu total apoio e acolhida pelas comunidades no oeste da L\u00edbia, que demonstraram solidariedade e ofereceram ajuda log\u00edstica\u201d, disse, em comunicado, a organiza\u00e7\u00e3o do protesto.<\/p>\n<\/blockquote>\n<p>Um dos organizadores informou que, por enquanto, a prioridade \u00e9 a liberta\u00e7\u00e3o dos 13 detidos, incluindo l\u00edbios, argelinos e tunisianos. \u201cO comboio avan\u00e7ar\u00e1 em breve para o \u00faltimo ponto seguro perto da fronteira, onde espera estabelecer uma base de resist\u00eancia firme\u201d, concluiu o informe.<\/p>\n<\/div>\n","protected":false},"excerpt":{"rendered":"<p>A Marcha Global a Gaza, marcada para ocorrer nesse domingo (15), foi impedida pelas autoridades eg\u00edpcias de seguir at\u00e9 a<\/p>\n","protected":false},"author":2,"featured_media":0,"comment_status":"","ping_status":"","sticky":false,"template":"","format":"standard","meta":{"colormag_page_container_layout":"default_layout","colormag_page_sidebar_layout":"default_layout","footnotes":""},"categories":[],"tags":[],"class_list":["post-53238","post","type-post","status-publish","format-standard","hentry"],"_links":{"self":[{"href":"https:\/\/euvivoaselecao.com.br\/index.php\/wp-json\/wp\/v2\/posts\/53238","targetHints":{"allow":["GET"]}}],"collection":[{"href":"https:\/\/euvivoaselecao.com.br\/index.php\/wp-json\/wp\/v2\/posts"}],"about":[{"href":"https:\/\/euvivoaselecao.com.br\/index.php\/wp-json\/wp\/v2\/types\/post"}],"author":[{"embeddable":true,"href":"https:\/\/euvivoaselecao.com.br\/index.php\/wp-json\/wp\/v2\/users\/2"}],"replies":[{"embeddable":true,"href":"https:\/\/euvivoaselecao.com.br\/index.php\/wp-json\/wp\/v2\/comments?post=53238"}],"version-history":[{"count":0,"href":"https:\/\/euvivoaselecao.com.br\/index.php\/wp-json\/wp\/v2\/posts\/53238\/revisions"}],"wp:attachment":[{"href":"https:\/\/euvivoaselecao.com.br\/index.php\/wp-json\/wp\/v2\/media?parent=53238"}],"wp:term":[{"taxonomy":"category","embeddable":true,"href":"https:\/\/euvivoaselecao.com.br\/index.php\/wp-json\/wp\/v2\/categories?post=53238"},{"taxonomy":"post_tag","embeddable":true,"href":"https:\/\/euvivoaselecao.com.br\/index.php\/wp-json\/wp\/v2\/tags?post=53238"}],"curies":[{"name":"wp","href":"https:\/\/api.w.org\/{rel}","templated":true}]}}