{"id":53239,"date":"2025-06-16T13:49:42","date_gmt":"2025-06-16T16:49:42","guid":{"rendered":"https:\/\/euvivoaselecao.com.br\/index.php\/2025\/06\/16\/saae-sorocaba-conclui-limpeza-do-reservatorio-de-detencao-de-cheias-rdc-no-jardim-abaete-agencia-de-noticias\/"},"modified":"2025-06-16T13:49:42","modified_gmt":"2025-06-16T16:49:42","slug":"saae-sorocaba-conclui-limpeza-do-reservatorio-de-detencao-de-cheias-rdc-no-jardim-abaete-agencia-de-noticias","status":"publish","type":"post","link":"https:\/\/euvivoaselecao.com.br\/index.php\/2025\/06\/16\/saae-sorocaba-conclui-limpeza-do-reservatorio-de-detencao-de-cheias-rdc-no-jardim-abaete-agencia-de-noticias\/","title":{"rendered":"Saae\/Sorocaba conclui limpeza do Reservat\u00f3rio de Deten\u00e7\u00e3o de Cheias (RDC) no Jardim Abaet\u00e9 \u2013 Ag\u00eancia de Not\u00edcias"},"content":{"rendered":"<p><\/p>\n<div wp_automatic_readability=\"32\">\n<div class=\"col\" wp_automatic_readability=\"9\">\n<p class=\"mt-0\">\n                        <strong><br \/>\n                            <span class=\"far fa-calendar mr-1 mt-2\"\/><br \/>\n                            16 de junho de 2025<br \/>\n                            <span class=\"far fa-clock ml-3 mt-2\"\/><br \/>\n                            12:38<br \/>\n                        <\/strong>\n                    <\/p>\n<p class=\"mb-0\">Por: <strong>Eduardo Santinon (esantinon@sorocaba.sp.gov.br)<\/strong><\/p>\n<\/p><\/div>\n<\/p><\/div>\n<div wp_automatic_readability=\"54\">\n<p>O Servi\u00e7o Aut\u00f4nomo de \u00c1gua e Esgoto (Saae) de Sorocaba concluiu, no \u00faltimo fim de semana (14 e 15), a limpeza e a retirada de algas do Reservat\u00f3rio de Deten\u00e7\u00e3o de Cheias (RDC) do Jardim Abaet\u00e9, na regi\u00e3o do Parque das \u00c1guas. A interven\u00e7\u00e3o ocorre periodicamente, para auxiliar na manuten\u00e7\u00e3o do local e evitar a prolifera\u00e7\u00e3o das plantas que podem prejudicar a vida aqu\u00e1tica.<br \/>O servi\u00e7o teve in\u00edcio na segunda-feira (9) e foi executado por servidores da autarquia. Na a\u00e7\u00e3o, foram mobilizadas duas equipes, uma retroescavadeira e um caminh\u00e3o para a retirada dos res\u00edduos. Paralelamente, equipes no solo e em embarca\u00e7\u00e3o, de forma manual, utilizaram boias de conten\u00e7\u00e3o, delimitando a \u00e1rea j\u00e1 limpa e arrastando a vegeta\u00e7\u00e3o a ser retirada para um ponto do lago que esteja ao alcance das m\u00e1quinas.<br \/>A vegeta\u00e7\u00e3o removida do lago foi descartada no Aterro de Inertes pela Secretaria de Servi\u00e7os P\u00fablicos e Obras (Serpo), em caminh\u00e3o com capacidade para at\u00e9 seis metros c\u00fabicos, tamb\u00e9m utilizado na opera\u00e7\u00e3o.<br \/>Esse foi o mesmo sistema adotado pelo Munic\u00edpio para realizar a limpeza nos lagos do Parque das \u00c1guas e da Bacia de Conten\u00e7\u00e3o do Abaet\u00e9, desde 2021, no Parque da Formosa, em 2022 e 2025, e no Parque Kasato Maru, em 2025.<br \/>O RDC Jardim Abaet\u00e9 ocupa \u00e1rea de 24 mil metros quadrados e tem capacidade para 48 milh\u00f5es de litros de \u00e1gua, contendo tr\u00eas conjuntos de motobombas com vaz\u00e3o de 500 litros por segundo e gerador pr\u00f3prio, para o caso de falta de energia. Um sistema de comporta controla a vaz\u00e3o da \u00e1gua do rio.<\/p>\n<p><!-- Root element of PhotoSwipe. Must have class pswp. --><\/p><\/div>\n","protected":false},"excerpt":{"rendered":"<p>16 de junho de 2025 12:38 Por: Eduardo Santinon (esantinon@sorocaba.sp.gov.br) O Servi\u00e7o Aut\u00f4nomo de \u00c1gua e Esgoto (Saae) de Sorocaba<\/p>\n","protected":false},"author":1,"featured_media":0,"comment_status":"","ping_status":"","sticky":false,"template":"","format":"standard","meta":{"colormag_page_container_layout":"default_layout","colormag_page_sidebar_layout":"default_layout","footnotes":""},"categories":[1],"tags":[],"class_list":["post-53239","post","type-post","status-publish","format-standard","hentry","category-sem-categoria"],"_links":{"self":[{"href":"https:\/\/euvivoaselecao.com.br\/index.php\/wp-json\/wp\/v2\/posts\/53239","targetHints":{"allow":["GET"]}}],"collection":[{"href":"https:\/\/euvivoaselecao.com.br\/index.php\/wp-json\/wp\/v2\/posts"}],"about":[{"href":"https:\/\/euvivoaselecao.com.br\/index.php\/wp-json\/wp\/v2\/types\/post"}],"author":[{"embeddable":true,"href":"https:\/\/euvivoaselecao.com.br\/index.php\/wp-json\/wp\/v2\/users\/1"}],"replies":[{"embeddable":true,"href":"https:\/\/euvivoaselecao.com.br\/index.php\/wp-json\/wp\/v2\/comments?post=53239"}],"version-history":[{"count":0,"href":"https:\/\/euvivoaselecao.com.br\/index.php\/wp-json\/wp\/v2\/posts\/53239\/revisions"}],"wp:attachment":[{"href":"https:\/\/euvivoaselecao.com.br\/index.php\/wp-json\/wp\/v2\/media?parent=53239"}],"wp:term":[{"taxonomy":"category","embeddable":true,"href":"https:\/\/euvivoaselecao.com.br\/index.php\/wp-json\/wp\/v2\/categories?post=53239"},{"taxonomy":"post_tag","embeddable":true,"href":"https:\/\/euvivoaselecao.com.br\/index.php\/wp-json\/wp\/v2\/tags?post=53239"}],"curies":[{"name":"wp","href":"https:\/\/api.w.org\/{rel}","templated":true}]}}