{"id":53240,"date":"2025-06-16T13:59:45","date_gmt":"2025-06-16T16:59:45","guid":{"rendered":"https:\/\/euvivoaselecao.com.br\/index.php\/2025\/06\/16\/familias-em-vulnerabilidade-social-de-joao-pessoa-recebem-milho-verde-para-garantir-tradicao-junina\/"},"modified":"2025-06-16T13:59:45","modified_gmt":"2025-06-16T16:59:45","slug":"familias-em-vulnerabilidade-social-de-joao-pessoa-recebem-milho-verde-para-garantir-tradicao-junina","status":"publish","type":"post","link":"https:\/\/euvivoaselecao.com.br\/index.php\/2025\/06\/16\/familias-em-vulnerabilidade-social-de-joao-pessoa-recebem-milho-verde-para-garantir-tradicao-junina\/","title":{"rendered":"Fam\u00edlias em vulnerabilidade social de Jo\u00e3o Pessoa recebem milho verde para garantir tradi\u00e7\u00e3o junina"},"content":{"rendered":"<p><\/p>\n<div>\n<p>As fam\u00edlias em situa\u00e7\u00e3o de vulnerabilidade social de Jo\u00e3o Pessoa come\u00e7aram a receber, nesta segunda-feira (16), o tradicional milho verde que garante a prepara\u00e7\u00e3o de pratos t\u00edpicos, como pamonha e canjica, durante o S\u00e3o Jo\u00e3o. A distribui\u00e7\u00e3o segue at\u00e9 a pr\u00f3xima quarta-feira (18) e faz parte da pol\u00edtica de seguran\u00e7a alimentar promovida pela Prefeitura de Jo\u00e3o Pessoa, por meio da Secretaria de Desenvolvimento Social (Sedes).<\/p>\n<figure class=\"wp-block-gallery has-nested-images columns-default is-cropped wp-block-gallery-1 is-layout-flex wp-block-gallery-is-layout-flex\">\n<figure class=\"wp-block-image size-large\"><\/figure>\n<\/figure>\n<p>Em 2025 ser\u00e3o entregues 162 toneladas de milho a cerca de 53 mil fam\u00edlias atendidas por Organiza\u00e7\u00f5es da Sociedade Civil, Centros de Refer\u00eancia em Assist\u00eancia Social (Cras), casas de acolhimento, hospitais p\u00fablicos, residenciais e o moradores do Complexo Beira Rio. Em 2024, foram distribu\u00eddas 50 toneladas. O aumento expressivo refor\u00e7a o compromisso da gest\u00e3o municipal com o fortalecimento da cultura alimentar e com a garantia do direito \u00e0 alimenta\u00e7\u00e3o no per\u00edodo junino.<\/p>\n<figure class=\"wp-block-gallery has-nested-images columns-default is-cropped wp-block-gallery-2 is-layout-flex wp-block-gallery-is-layout-flex\">\n<figure class=\"wp-block-image\"><\/figure>\n<figure class=\"wp-block-image\"><\/figure>\n<\/figure>\n<p>A a\u00e7\u00e3o envolve uma grande for\u00e7a-tarefa coordenada pela Sedes, com apoio de diversas secretarias e \u00f3rg\u00e3os da administra\u00e7\u00e3o municipal, como Secretaria Municipal de Habita\u00e7\u00e3o (Semhab), Secretaria de Desenvolvimento e Controle Urbano (Sedurb), Secretaria de Direitos Humanos e Cidadania (Sedhuc), Secretaria Executiva da Participa\u00e7\u00e3o Popular (SEPP), Secretaria de Seguran\u00e7a Urbana e Cidadania (Semusb), Autarquia Municipal Especial de Limpeza Urbana (Emlur), Superintend\u00eancia Executiva de Mobilidade Urbana (Semob), Secretaria de Infraestrutura (Seinfra), Unidade Executora do Programa Jo\u00e3o Pessoa Sustent\u00e1vel (UEP) e Secretaria de Educa\u00e7\u00e3o e Cultura (Sedec). Foram investidos R$ 437.400 em recursos pr\u00f3prios do Munic\u00edpio, via licita\u00e7\u00e3o e por meio do Programa Municipal de Aquisi\u00e7\u00e3o de Alimentos.<\/p>\n<p>O milho verde distribu\u00eddo foi adquirido diretamente de 50 fam\u00edlias de agricultores familiares de Jo\u00e3o Pessoa e regi\u00e3o, promovendo tamb\u00e9m o fortalecimento da economia local e da agricultura familiar.<\/p>\n<figure class=\"wp-block-gallery has-nested-images columns-default is-cropped wp-block-gallery-3 is-layout-flex wp-block-gallery-is-layout-flex\">\n<figure class=\"wp-block-image size-large\"><\/figure>\n<figure class=\"wp-block-image size-large\"><\/figure>\n<figure class=\"wp-block-image size-large\"><\/figure>\n<\/figure>\n<p>A secret\u00e1ria de Desenvolvimento Social, Norma Gouveia, ressaltou a import\u00e2ncia da iniciativa. \u201cA Prefeitura de Jo\u00e3o Pessoa mant\u00e9m viva essa tradi\u00e7\u00e3o com o compromisso de garantir o alimento t\u00edpico do S\u00e3o Jo\u00e3o \u00e0s fam\u00edlias que mais precisam, como j\u00e1 fazemos na Semana Santa com a entrega do peixe. Esse trabalho refor\u00e7a a pol\u00edtica de seguran\u00e7a alimentar, mas tamb\u00e9m valoriza nossa cultura e assegura que todos possam celebrar com dignidade\u201d, falou.<\/p>\n<\/p><\/div>\n","protected":false},"excerpt":{"rendered":"<p>As fam\u00edlias em situa\u00e7\u00e3o de vulnerabilidade social de Jo\u00e3o Pessoa come\u00e7aram a receber, nesta segunda-feira (16), o tradicional milho verde<\/p>\n","protected":false},"author":1,"featured_media":0,"comment_status":"","ping_status":"","sticky":false,"template":"","format":"standard","meta":{"colormag_page_container_layout":"default_layout","colormag_page_sidebar_layout":"default_layout","footnotes":""},"categories":[1],"tags":[],"class_list":["post-53240","post","type-post","status-publish","format-standard","hentry","category-sem-categoria"],"_links":{"self":[{"href":"https:\/\/euvivoaselecao.com.br\/index.php\/wp-json\/wp\/v2\/posts\/53240","targetHints":{"allow":["GET"]}}],"collection":[{"href":"https:\/\/euvivoaselecao.com.br\/index.php\/wp-json\/wp\/v2\/posts"}],"about":[{"href":"https:\/\/euvivoaselecao.com.br\/index.php\/wp-json\/wp\/v2\/types\/post"}],"author":[{"embeddable":true,"href":"https:\/\/euvivoaselecao.com.br\/index.php\/wp-json\/wp\/v2\/users\/1"}],"replies":[{"embeddable":true,"href":"https:\/\/euvivoaselecao.com.br\/index.php\/wp-json\/wp\/v2\/comments?post=53240"}],"version-history":[{"count":0,"href":"https:\/\/euvivoaselecao.com.br\/index.php\/wp-json\/wp\/v2\/posts\/53240\/revisions"}],"wp:attachment":[{"href":"https:\/\/euvivoaselecao.com.br\/index.php\/wp-json\/wp\/v2\/media?parent=53240"}],"wp:term":[{"taxonomy":"category","embeddable":true,"href":"https:\/\/euvivoaselecao.com.br\/index.php\/wp-json\/wp\/v2\/categories?post=53240"},{"taxonomy":"post_tag","embeddable":true,"href":"https:\/\/euvivoaselecao.com.br\/index.php\/wp-json\/wp\/v2\/tags?post=53240"}],"curies":[{"name":"wp","href":"https:\/\/api.w.org\/{rel}","templated":true}]}}