{"id":53310,"date":"2025-06-17T03:39:36","date_gmt":"2025-06-17T06:39:36","guid":{"rendered":"https:\/\/euvivoaselecao.com.br\/index.php\/2025\/06\/17\/admar-lopes-devera-falar-a-imprensa-na-4a-feira\/"},"modified":"2025-06-17T03:39:36","modified_gmt":"2025-06-17T06:39:36","slug":"admar-lopes-devera-falar-a-imprensa-na-4a-feira","status":"publish","type":"post","link":"https:\/\/euvivoaselecao.com.br\/index.php\/2025\/06\/17\/admar-lopes-devera-falar-a-imprensa-na-4a-feira\/","title":{"rendered":"Admar Lopes dever\u00e1 falar \u00e0 imprensa na 4\u00aa-feira"},"content":{"rendered":"<p><\/p>\n<div>\n<div>Admar Lopes, o novo diretor de futebol do Vasco, desembarcou no Rio de Janeiro na noite desta segunda-feira (16). O executivo vai se encontrar com dirigente do clube no CT Moacyr Barbosa, na ter\u00e7a (17) e iniciar os trabalhos.<\/p>\n<p>A tend\u00eancia \u00e9 que o dirigente fale oficialmente com a imprensa na quarta-feira (18). O Vasco ainda n\u00e3o confirmou a apresenta\u00e7\u00e3o do dirigente at\u00e9 porque o elenco ainda est\u00e1 de recesso devido \u00e0 pausa para o Mundial de Clubes da Fifa.\n<\/p>\n<p>O Cruzmaltino se reapresenta no dia 23 de junho com o elenco ainda sem refor\u00e7os. Para a pr\u00f3xima janela, que abre em julho, Admar j\u00e1 vai participar ativamente do planejamento e das negocia\u00e7\u00f5es.\n<\/p>\n<p>\u201cUm prazer estar aqui e agora vamos trabalhar e mais pra frente falo com voc\u00eas\u201d disse rapidamente Admar, no desembarque, para o BTB Sports.\n<\/p>\n<p>O novo executivo chega para substituir Marcelo Sant\u2019Anna que foi desligado do cargo no in\u00edcio do m\u00eas passado, logo ap\u00f3s a demiss\u00e3o de F\u00e1bio Carille do comando t\u00e9cnico cruzmaltino.\n<\/p>\n<p>Fonte: Itatiaia<\/p>\n<\/div>\n<p><!-- CONTENT END 2 -->\n<\/div>\n<p><script async defer crossorigin=\"anonymous\" src=\"https:\/\/connect.facebook.net\/pt_BR\/sdk.js#xfbml=1&amp;version=v12.0&amp;appId=114327694422&amp;autoLogAppEvents=1\" nonce=\"4kp7RAsD\"><\/script><\/p>\n","protected":false},"excerpt":{"rendered":"<p>Admar Lopes, o novo diretor de futebol do Vasco, desembarcou no Rio de Janeiro na noite desta segunda-feira (16). O<\/p>\n","protected":false},"author":1,"featured_media":0,"comment_status":"","ping_status":"","sticky":false,"template":"","format":"standard","meta":{"colormag_page_container_layout":"default_layout","colormag_page_sidebar_layout":"default_layout","footnotes":""},"categories":[1],"tags":[],"class_list":["post-53310","post","type-post","status-publish","format-standard","hentry","category-sem-categoria"],"_links":{"self":[{"href":"https:\/\/euvivoaselecao.com.br\/index.php\/wp-json\/wp\/v2\/posts\/53310","targetHints":{"allow":["GET"]}}],"collection":[{"href":"https:\/\/euvivoaselecao.com.br\/index.php\/wp-json\/wp\/v2\/posts"}],"about":[{"href":"https:\/\/euvivoaselecao.com.br\/index.php\/wp-json\/wp\/v2\/types\/post"}],"author":[{"embeddable":true,"href":"https:\/\/euvivoaselecao.com.br\/index.php\/wp-json\/wp\/v2\/users\/1"}],"replies":[{"embeddable":true,"href":"https:\/\/euvivoaselecao.com.br\/index.php\/wp-json\/wp\/v2\/comments?post=53310"}],"version-history":[{"count":0,"href":"https:\/\/euvivoaselecao.com.br\/index.php\/wp-json\/wp\/v2\/posts\/53310\/revisions"}],"wp:attachment":[{"href":"https:\/\/euvivoaselecao.com.br\/index.php\/wp-json\/wp\/v2\/media?parent=53310"}],"wp:term":[{"taxonomy":"category","embeddable":true,"href":"https:\/\/euvivoaselecao.com.br\/index.php\/wp-json\/wp\/v2\/categories?post=53310"},{"taxonomy":"post_tag","embeddable":true,"href":"https:\/\/euvivoaselecao.com.br\/index.php\/wp-json\/wp\/v2\/tags?post=53310"}],"curies":[{"name":"wp","href":"https:\/\/api.w.org\/{rel}","templated":true}]}}