{"id":53331,"date":"2025-06-17T07:54:49","date_gmt":"2025-06-17T10:54:49","guid":{"rendered":"https:\/\/euvivoaselecao.com.br\/index.php\/2025\/06\/17\/natacao-paralimpica-vascainos-encerram-etapa-do-world-series-em-guadalajara-com-1-ouro-e-1-prata\/"},"modified":"2025-06-17T07:54:49","modified_gmt":"2025-06-17T10:54:49","slug":"natacao-paralimpica-vascainos-encerram-etapa-do-world-series-em-guadalajara-com-1-ouro-e-1-prata","status":"publish","type":"post","link":"https:\/\/euvivoaselecao.com.br\/index.php\/2025\/06\/17\/natacao-paralimpica-vascainos-encerram-etapa-do-world-series-em-guadalajara-com-1-ouro-e-1-prata\/","title":{"rendered":"Nata\u00e7\u00e3o Paral\u00edmpica: Vasca\u00ednos encerram etapa do World Series em Guadalajara com 1 ouro e 1 prata"},"content":{"rendered":"<p><\/p>\n<div>\n<p>Nata\u00e7\u00e3o Paral\u00edmpica: Vasca\u00ednos encerram etapa do World Series em Guadalajara com 1 ouro e 1 prata<\/p>\n<div>paradesportocrvg<\/p>\n<p>\ud83c\udf0e\u2728 Encerramos nossa participa\u00e7\u00e3o no World Series Guadalajara com o cora\u00e7\u00e3o cheio de orgulho!\n<\/p>\n<p>Nossos atletas encararam a classifica\u00e7\u00e3o funcional, disputaram provas acirradas e representaram o Brasil com garra do in\u00edcio ao fim. \ud83d\udcaa\ud83c\udffd\ud83c\udde7\ud83c\uddf7\n<\/p>\n<p>\ud83c\udfc6 Resultados que marcaram:<\/p>\n<p>\ud83e\udd47 Thomaz brilhou com ouro nos 100m borboleta e ainda garantiu o \u00edndice para o Mundial de Singapura!<\/p>\n<p>\ud83e\udd48 Camila conquistou a prata nos 100m costas \u2013 categoria jovem, mostrando sua for\u00e7a e talento em ascens\u00e3o.<\/p>\n<p>\ud83d\udd25 Daniel chegou a finais A e B, com muita consist\u00eancia e evolu\u00e7\u00e3o nas provas!\n<\/p>\n<p>Parab\u00e9ns aos nossos atletas e \u00e0 comiss\u00e3o t\u00e9cnica por mais uma miss\u00e3o cumprida com excel\u00eancia!<\/p>\n<p>Seguimos firmes, fortes e com os olhos no futuro!\n<\/p>\n<p>Patrocinio: @acomoveis @novariooficial @gemeosricardo<\/p>\n<p>Apoio: @movingjet_oficial @cbcpoficial @brasilparalimpico\n<\/p>\n<p>#VascoParal\u00edmpico #WorldSeries #Guadalajara2025 #Paradesporto #OrgulhoBrasileiro #CamilaDias #ThomazMatera #DanielMendes #RumoAoMundial #Nata\u00e7\u00e3oParal\u00edmpica #Supera\u00e7\u00e3o #Classifica\u00e7\u00e3oFuncional\n<\/p>\n<p>Fonte: Instagram Vasco Paral\u00edmpico<\/p>\n<\/div>\n<p><!-- CONTENT END 2 -->\n<\/div>\n<p><script async defer crossorigin=\"anonymous\" src=\"https:\/\/connect.facebook.net\/pt_BR\/sdk.js#xfbml=1&amp;version=v12.0&amp;appId=114327694422&amp;autoLogAppEvents=1\" nonce=\"4kp7RAsD\"><\/script><\/p>\n","protected":false},"excerpt":{"rendered":"<p>Nata\u00e7\u00e3o Paral\u00edmpica: Vasca\u00ednos encerram etapa do World Series em Guadalajara com 1 ouro e 1 prata paradesportocrvg \ud83c\udf0e\u2728 Encerramos nossa<\/p>\n","protected":false},"author":1,"featured_media":0,"comment_status":"","ping_status":"","sticky":false,"template":"","format":"standard","meta":{"colormag_page_container_layout":"default_layout","colormag_page_sidebar_layout":"default_layout","footnotes":""},"categories":[1],"tags":[],"class_list":["post-53331","post","type-post","status-publish","format-standard","hentry","category-sem-categoria"],"_links":{"self":[{"href":"https:\/\/euvivoaselecao.com.br\/index.php\/wp-json\/wp\/v2\/posts\/53331","targetHints":{"allow":["GET"]}}],"collection":[{"href":"https:\/\/euvivoaselecao.com.br\/index.php\/wp-json\/wp\/v2\/posts"}],"about":[{"href":"https:\/\/euvivoaselecao.com.br\/index.php\/wp-json\/wp\/v2\/types\/post"}],"author":[{"embeddable":true,"href":"https:\/\/euvivoaselecao.com.br\/index.php\/wp-json\/wp\/v2\/users\/1"}],"replies":[{"embeddable":true,"href":"https:\/\/euvivoaselecao.com.br\/index.php\/wp-json\/wp\/v2\/comments?post=53331"}],"version-history":[{"count":0,"href":"https:\/\/euvivoaselecao.com.br\/index.php\/wp-json\/wp\/v2\/posts\/53331\/revisions"}],"wp:attachment":[{"href":"https:\/\/euvivoaselecao.com.br\/index.php\/wp-json\/wp\/v2\/media?parent=53331"}],"wp:term":[{"taxonomy":"category","embeddable":true,"href":"https:\/\/euvivoaselecao.com.br\/index.php\/wp-json\/wp\/v2\/categories?post=53331"},{"taxonomy":"post_tag","embeddable":true,"href":"https:\/\/euvivoaselecao.com.br\/index.php\/wp-json\/wp\/v2\/tags?post=53331"}],"curies":[{"name":"wp","href":"https:\/\/api.w.org\/{rel}","templated":true}]}}