{"id":53344,"date":"2025-06-17T10:45:04","date_gmt":"2025-06-17T13:45:04","guid":{"rendered":"https:\/\/euvivoaselecao.com.br\/index.php\/2025\/06\/17\/sub-20-confira-as-provaveis-escalacoes-de-vasco-e-fluminense\/"},"modified":"2025-06-17T10:45:04","modified_gmt":"2025-06-17T13:45:04","slug":"sub-20-confira-as-provaveis-escalacoes-de-vasco-e-fluminense","status":"publish","type":"post","link":"https:\/\/euvivoaselecao.com.br\/index.php\/2025\/06\/17\/sub-20-confira-as-provaveis-escalacoes-de-vasco-e-fluminense\/","title":{"rendered":"Sub-20: Confira as prov\u00e1veis escala\u00e7\u00f5es de Vasco e Fluminense"},"content":{"rendered":"<p><\/p>\n<div>Na abertura da 14\u00aa rodada do Campeonato Brasileiro sub-20, Vasco e Fluminense fazem o cl\u00e1ssico nesta ter\u00e7a-feira (17), \u00e0s 14h45 (de Bras\u00edlia), no Nivaldo Pereira. Assim, com campanhas bem semelhantes, as duas equipes seguem na busca por uma vaga no G8, zona de classifica\u00e7\u00e3o para a pr\u00f3xima fase da competi\u00e7\u00e3o nacional.<\/p>\n<p>Dessa forma, os Meninos da Colina conseguiram um bom resultado, fora de casa, contra o Inter e, agora, somam 19 pontos, na 9\u00aa coloca\u00e7\u00e3o. Os Moleques de Xer\u00e9m, por sua vez, venceram o Athletico, no Marcelo Vieira, e est\u00e3o na 11\u00aa posi\u00e7\u00e3o, com 17.\n<\/p>\n<p><b>Onde assistir<\/b>\n<\/p>\n<p>O confronto desta ter\u00e7a-feira (17) ter\u00e1 a transmiss\u00e3o da VascoTV (canal no Youtube).\n<\/p>\n<p><b>Como chega o Vasco<\/b>\n<\/p>\n<p>Restam seis rodadas para o fim da primeira fase. Nesse sentido, os Meninos da Colina necessitam da vit\u00f3ria para ingressar no G8 para se consolidar na zona de classifica\u00e7\u00e3o para as quartas de final. Al\u00e9m disso, a equipe carioca aposta na for\u00e7a do setor ofensivo. GB e L\u00e9o Jac\u00f3 s\u00e3o os principais nomes do ataque cruz-maltino para a disputa do cl\u00e1ssico. Ambos brigam pela artilharia, que no momento tem Luca Meirelles, do Santos, na ponta.\n<\/p>\n<p><b>Como chega o Fluminense<\/b>\n<\/p>\n<p>Depois de bater um dos primeiros colocados (Furac\u00e3o), os Moleques de Xer\u00e9m chegam como moral e almejam um lugar entre os oito que avan\u00e7am de fase. Assim, Kelwin voltou aos gramados, depois de um m\u00eas lesionado, e foi um dos destaques contra o time paranaense. Por fim, a temporada tem sido m\u00e1gica para a jovem promessa, que estreou entre os profissionais do Tricolor, na Sul-Americana.\n<\/p>\n<p>VASCO x FLUMINENSE\n<\/p>\n<p>14\u00aa rodada do Campeonato Brasileiro Sub-20 2025<\/p>\n<p>Local: Est\u00e1dio Nivaldo Pereira, Rio de Janeiro (RJ)<\/p>\n<p>Data e hor\u00e1rio: ter\u00e7a-feira, 17\/06\/2025, \u00e0s 14h45 (de Bras\u00edlia)\n<\/p>\n<p>VASCO: Marc\u00e3o; Paulinho, Wallace, Wanison e Avellar; Ramon Rique, Euder e Igor Toledo (L\u00f3cio); Bruno Lopes, Juninho e GB. T\u00e9cnico: Matheus Curopos\n<\/p>\n<p>FLUMINENSE: Gustavo Felix; J\u00falio Fidelis, Gorgulho, Gustavo Cintra e Miguel Sampaio; Dohmann, Fabinho e Matheus Pedro; Wesley Nat\u00e3, Kelwin e Keven Samuel. T\u00e9cnico:  Felipe Canavan\n<\/p>\n<p>\u00c1rbitro: Alan Trindade da Silva (RJ)<\/p>\n<p>Assistentes: Lucas Castro dos Santos (RJ) e Victo Augusto Cam\u00f5es de Abreu (RJ)Alves Pereira (RJ)\n<\/p>\n<p>Fonte: Jogada 10<\/p>\n<\/div>\n<p><script async defer crossorigin=\"anonymous\" src=\"https:\/\/connect.facebook.net\/pt_BR\/sdk.js#xfbml=1&amp;version=v12.0&amp;appId=114327694422&amp;autoLogAppEvents=1\" nonce=\"4kp7RAsD\"><\/script><\/p>\n","protected":false},"excerpt":{"rendered":"<p>Na abertura da 14\u00aa rodada do Campeonato Brasileiro sub-20, Vasco e Fluminense fazem o cl\u00e1ssico nesta ter\u00e7a-feira (17), \u00e0s 14h45<\/p>\n","protected":false},"author":1,"featured_media":0,"comment_status":"","ping_status":"","sticky":false,"template":"","format":"standard","meta":{"colormag_page_container_layout":"default_layout","colormag_page_sidebar_layout":"default_layout","footnotes":""},"categories":[1],"tags":[],"class_list":["post-53344","post","type-post","status-publish","format-standard","hentry","category-sem-categoria"],"_links":{"self":[{"href":"https:\/\/euvivoaselecao.com.br\/index.php\/wp-json\/wp\/v2\/posts\/53344","targetHints":{"allow":["GET"]}}],"collection":[{"href":"https:\/\/euvivoaselecao.com.br\/index.php\/wp-json\/wp\/v2\/posts"}],"about":[{"href":"https:\/\/euvivoaselecao.com.br\/index.php\/wp-json\/wp\/v2\/types\/post"}],"author":[{"embeddable":true,"href":"https:\/\/euvivoaselecao.com.br\/index.php\/wp-json\/wp\/v2\/users\/1"}],"replies":[{"embeddable":true,"href":"https:\/\/euvivoaselecao.com.br\/index.php\/wp-json\/wp\/v2\/comments?post=53344"}],"version-history":[{"count":0,"href":"https:\/\/euvivoaselecao.com.br\/index.php\/wp-json\/wp\/v2\/posts\/53344\/revisions"}],"wp:attachment":[{"href":"https:\/\/euvivoaselecao.com.br\/index.php\/wp-json\/wp\/v2\/media?parent=53344"}],"wp:term":[{"taxonomy":"category","embeddable":true,"href":"https:\/\/euvivoaselecao.com.br\/index.php\/wp-json\/wp\/v2\/categories?post=53344"},{"taxonomy":"post_tag","embeddable":true,"href":"https:\/\/euvivoaselecao.com.br\/index.php\/wp-json\/wp\/v2\/tags?post=53344"}],"curies":[{"name":"wp","href":"https:\/\/api.w.org\/{rel}","templated":true}]}}