{"id":53345,"date":"2025-06-17T10:46:49","date_gmt":"2025-06-17T13:46:49","guid":{"rendered":"https:\/\/euvivoaselecao.com.br\/index.php\/2025\/06\/17\/justica-pede-prisao-de-envolvidos-na-morte-de-policial-civil\/"},"modified":"2025-06-17T10:46:49","modified_gmt":"2025-06-17T13:46:49","slug":"justica-pede-prisao-de-envolvidos-na-morte-de-policial-civil","status":"publish","type":"post","link":"https:\/\/euvivoaselecao.com.br\/index.php\/2025\/06\/17\/justica-pede-prisao-de-envolvidos-na-morte-de-policial-civil\/","title":{"rendered":"Justi\u00e7a pede pris\u00e3o de envolvidos na morte de policial civil"},"content":{"rendered":"<p><\/p>\n<div wp_automatic_readability=\"72.436696658098\">\n<p>O Ju\u00edzo da 17\u00aa\u00a0Vara Criminal do Rio deferiu 27 mandados de pris\u00e3o contra uma quadrilha que que atua no tr\u00e1fico de drogas na Comunidade dos Tabajaras,\u00a0em Copacabana, na zona sul do Rio, ligada \u00e0\u00a0fa\u00e7\u00e3o criminosa Comando Vermelho. O pedido foi feito pelo Minist\u00e9rio P\u00fablico do Rio de Janeiro (MPRJ), que ofereceu den\u00fancia \u00e0 Justi\u00e7a. Parte do grupo tamb\u00e9m foi denunciada por latroc\u00ednio consumado e atentado contra o policial civil da Coordenadoria de Recursos Especiais (Core), Jo\u00e3o Pedro Marquini, e sua mulher, a ju\u00edza titular do 3\u00ba Tribunal do J\u00fari do Rio, Tula Corr\u00eaa de Mello.<\/p>\n<p><strong>No dia 30 de mar\u00e7o deste ano, um grupo de criminosos fez uma falsa blitz \u00e0 noite, na Estrada da Grota Funda, na zona oeste, quando o casal voltava para casa em carros separados.<\/strong> Ao notar a presen\u00e7a dos criminosos, Marquini avisou \u00e0 ju\u00edza pelo celular sobre o perigo e desceu do carro, quando foi atingido por cinco disparos de fuzil e morreu na hora. A ju\u00edza, que tinha curso de dire\u00e7\u00e3o defensiva, deu marcha a r\u00e9 e conseguiu escapar dos criminosos. Um tiro ainda chegou a atingir a lataria do ve\u00edculo, que era blindado.<\/p>\n<p>De acordo com as investiga\u00e7\u00f5es, o grupo operava de maneira estruturada, com hierarquia definida, divis\u00e3o de tarefas e uso de armamento pesado, incluindo fuzis e artefatos explosivos, para garantir o controle do territ\u00f3rio e a seguran\u00e7a dos pontos de venda de drogas. As a\u00e7\u00f5es criminosas ocorriam nas proximidades de creches, hospitais e \u00e1reas de lazer, colocando em risco a popula\u00e7\u00e3o local.<\/p>\n<p><strong>A\u00e7\u00f5es afirmativas mudaram \u201ccara da universidade no Brasil\u201d, diz estudo<\/strong><\/p>\n<p><strong>Inscri\u00e7\u00f5es para concurso da Pol\u00edcia Federal terminam nesta ter\u00e7a-feira<\/strong><\/p>\n<p><strong>Entre os denunciados est\u00e3o respons\u00e1veis pelo abastecimento e \u201ccontrole de qualidade\u201d das drogas, pela contabilidade do tr\u00e1fico, seguran\u00e7a armada dos pontos de venda, log\u00edstica e at\u00e9 entregadores (<em>delivery<\/em>) de entorpecentes<\/strong>. A atua\u00e7\u00e3o da organiza\u00e7\u00e3o envolvia\u00a0ainda, ataques a comunidades dominadas por mil\u00edcias rivais.<\/p>\n<p>Quatro integrantes do grupo \u2013 Walace Andrade de Oliveira, Jefferson Rosa dos Reis, Alexandre Costa de Oliveira e Ant\u00f4nio Augusto D\u2019Angelo da Fonseca \u2013 tamb\u00e9m foram denunciados por latroc\u00ednio consumado contra o policial civil Jo\u00e3o Pedro Marquini Santana e por tentativa de latroc\u00ednio contra a ju\u00edza Tula Corr\u00eaa de Mello,<\/p>\n<p><strong>Nessa segunda-feira (16), policiais da Delegacia de Homic\u00eddios da Capital (DHC) e da Coordenadoria de Recursos Especiais (Core)\u00a0realizaram uma opera\u00e7\u00e3o para cumprir mandados de pris\u00e3o preventiva contra investigados por crimes de latroc\u00ednio e associa\u00e7\u00e3o ao tr\u00e1fico de drogas.<\/strong> A a\u00e7\u00e3o ocorreu na Comunidade dos Tabajaras. Na a\u00e7\u00e3o, seis criminosos foram presos e um morto em confronto com a pol\u00edcia.<\/p>\n<p>De acordo com as investiga\u00e7\u00f5es, os alvos atuam em uma organiza\u00e7\u00e3o criminosa respons\u00e1vel pela distribui\u00e7\u00e3o de drogas e controle territorial armado da comunidade.<\/p>\n<p><strong>Pol\u00edcia prende suspeito de participar da morte de m\u00e9dica da Marinha<\/strong><\/p>\n<p><strong>Come\u00e7a segunda fase de pagamento especial do saque-anivers\u00e1rio do FGTS<\/strong><\/p>\n<\/div>\n","protected":false},"excerpt":{"rendered":"<p>O Ju\u00edzo da 17\u00aa\u00a0Vara Criminal do Rio deferiu 27 mandados de pris\u00e3o contra uma quadrilha que que atua no tr\u00e1fico<\/p>\n","protected":false},"author":2,"featured_media":0,"comment_status":"","ping_status":"","sticky":false,"template":"","format":"standard","meta":{"colormag_page_container_layout":"default_layout","colormag_page_sidebar_layout":"default_layout","footnotes":""},"categories":[],"tags":[],"class_list":["post-53345","post","type-post","status-publish","format-standard","hentry"],"_links":{"self":[{"href":"https:\/\/euvivoaselecao.com.br\/index.php\/wp-json\/wp\/v2\/posts\/53345","targetHints":{"allow":["GET"]}}],"collection":[{"href":"https:\/\/euvivoaselecao.com.br\/index.php\/wp-json\/wp\/v2\/posts"}],"about":[{"href":"https:\/\/euvivoaselecao.com.br\/index.php\/wp-json\/wp\/v2\/types\/post"}],"author":[{"embeddable":true,"href":"https:\/\/euvivoaselecao.com.br\/index.php\/wp-json\/wp\/v2\/users\/2"}],"replies":[{"embeddable":true,"href":"https:\/\/euvivoaselecao.com.br\/index.php\/wp-json\/wp\/v2\/comments?post=53345"}],"version-history":[{"count":0,"href":"https:\/\/euvivoaselecao.com.br\/index.php\/wp-json\/wp\/v2\/posts\/53345\/revisions"}],"wp:attachment":[{"href":"https:\/\/euvivoaselecao.com.br\/index.php\/wp-json\/wp\/v2\/media?parent=53345"}],"wp:term":[{"taxonomy":"category","embeddable":true,"href":"https:\/\/euvivoaselecao.com.br\/index.php\/wp-json\/wp\/v2\/categories?post=53345"},{"taxonomy":"post_tag","embeddable":true,"href":"https:\/\/euvivoaselecao.com.br\/index.php\/wp-json\/wp\/v2\/tags?post=53345"}],"curies":[{"name":"wp","href":"https:\/\/api.w.org\/{rel}","templated":true}]}}