{"id":53359,"date":"2025-06-17T13:37:22","date_gmt":"2025-06-17T16:37:22","guid":{"rendered":"https:\/\/euvivoaselecao.com.br\/index.php\/2025\/06\/17\/agencia-minas-gerais-minas-gerais-conclui-obras-de-dessalinizacao-e-leva-agua-potavel-a-28-mil-pessoas-no-semiarido\/"},"modified":"2025-06-17T13:37:22","modified_gmt":"2025-06-17T16:37:22","slug":"agencia-minas-gerais-minas-gerais-conclui-obras-de-dessalinizacao-e-leva-agua-potavel-a-28-mil-pessoas-no-semiarido","status":"publish","type":"post","link":"https:\/\/euvivoaselecao.com.br\/index.php\/2025\/06\/17\/agencia-minas-gerais-minas-gerais-conclui-obras-de-dessalinizacao-e-leva-agua-potavel-a-28-mil-pessoas-no-semiarido\/","title":{"rendered":"Ag\u00eancia Minas Gerais | Minas Gerais conclui obras de dessaliniza\u00e7\u00e3o e leva \u00e1gua pot\u00e1vel a 28 mil pessoas no semi\u00e1rido"},"content":{"rendered":"<p><\/p>\n<div>\n<section class=\"news-related \/ col-md-4 col-lg-3 \/ margin-md-bottom-2 margin-left-1 \/ pull-right \/ hidden-xs hidden-sm\">\n<header>\n<p class=\"text-title-section \/ margin-bottom-1\">Relacionadas<\/p>\n<\/header>\n<p>\t\t\t\t\t\t\t<main><\/p>\n<hr class=\"row margin-md-bottom-2\"\/>\n\t\t\t\t\t\t\t<\/main><br \/>\n\t\t\t\t\t\t<\/section>\n<p>O Governo de Minas Gerais finalizou as obras de implanta\u00e7\u00e3o de sistemas de dessaliniza\u00e7\u00e3o em 69 comunidades rurais do semi\u00e1rido mineiro, garantindo acesso \u00e0 \u00e1gua pot\u00e1vel para cerca de 28 mil pessoas.<\/p>\n<p>A iniciativa faz parte do Programa \u00c1gua Doce (PAD), coordenado pela Secretaria de Estado de Meio Ambiente e Desenvolvimento Sustent\u00e1vel (Semad-MG), em parceria com o Governo Federal.<\/p>\n<p>As interven\u00e7\u00f5es ocorreram em 26 munic\u00edpios\u00a0localizados em uma das regi\u00f5es mais atingidas pela seca no estado. A primeira entrega aconteceu em maio de 2022, em Mato Verde, e a \u00faltima foi finalizada em maio deste ano, no munic\u00edpio de Jord\u00e2nia.<br \/>&#13;<br \/>\n\u00a0<\/p>\n<table align=\"center\" border=\"0\" cellpadding=\"1\" cellspacing=\"1\" style=\"width: 70%;\">&#13;<\/p>\n<tbody>&#13;<\/p>\n<tr>&#13;<\/p>\n<td colspan=\"5\" style=\"text-align: center; vertical-align: middle;\">&#13;<\/p>\n<p style=\"text-align:center\">\n<p>&#13;\n\t\t\t<\/td>\n<p>&#13;<br \/>\n\t\t<\/tr>\n<p>&#13;<\/p>\n<tr>&#13;<\/p>\n<td style=\"text-align: center; vertical-align: middle;\">\u00a0<\/td>\n<p>&#13;<\/p>\n<td colspan=\"3\" rowspan=\"3\" style=\"text-align: center; vertical-align: middle;\">&#13;<br \/>\n\t\t\t&#13;\n\t\t\t<\/td>\n<p>&#13;<\/p>\n<td style=\"text-align: center; vertical-align: middle;\">\u00a0<\/td>\n<p>&#13;<br \/>\n\t\t<\/tr>\n<p>&#13;<\/p>\n<tr>&#13;<\/p>\n<td style=\"text-align: center; vertical-align: middle;\">\u00a0<\/td>\n<p>&#13;<\/p>\n<td style=\"text-align: center; vertical-align: middle;\">\u00a0<\/td>\n<p>&#13;<br \/>\n\t\t<\/tr>\n<p>&#13;<\/p>\n<tr>&#13;<\/p>\n<td style=\"text-align: center; vertical-align: middle;\">\u00a0<\/td>\n<p>&#13;<\/p>\n<td style=\"text-align: center; vertical-align: middle;\">\u00a0<\/td>\n<p>&#13;<br \/>\n\t\t<\/tr>\n<p>&#13;<\/p>\n<tr>&#13;<\/p>\n<td colspan=\"5\" style=\"text-align: center; vertical-align: middle;\">&#13;<\/p>\n<p style=\"text-align:center\">\n<p>&#13;\n\t\t\t<\/td>\n<p>&#13;<br \/>\n\t\t<\/tr>\n<p>&#13;<br \/>\n\t<\/tbody>\n<p>&#13;<br \/>\n<\/table>\n<p>&#13;<br \/>\nOs sistemas entregues incluem estruturas completas de capta\u00e7\u00e3o, tratamento e distribui\u00e7\u00e3o da \u00e1gua, com adapta\u00e7\u00f5es espec\u00edficas para as realidades locais. Al\u00e9m da obra f\u00edsica, o programa tamb\u00e9m oferece oficinas de sustentabilidade\u00a0e a\u00e7\u00f5es de mobiliza\u00e7\u00e3o social, com foco na gest\u00e3o compartilhada e no uso consciente da \u00e1gua.<\/p>\n<p>\u00a0<\/p>\n<table align=\"center\" border=\"0\" cellpadding=\"1\" cellspacing=\"1\" style=\"width: 100%;\">&#13;<\/p>\n<tbody>&#13;<\/p>\n<tr>&#13;<\/p>\n<td colspan=\"5\" style=\"text-align: center; vertical-align: middle;\">&#13;<\/p>\n<p style=\"text-align:center\">\n<p>&#13;\n\t\t\t<\/td>\n<p>&#13;<br \/>\n\t\t<\/tr>\n<p>&#13;<\/p>\n<tr>&#13;<\/p>\n<td style=\"text-align: center; vertical-align: middle;\">\u00a0<\/td>\n<p>&#13;<\/p>\n<td colspan=\"3\" rowspan=\"3\" style=\"text-align: center; vertical-align: middle;\">&#13;<br \/>\n\t\t\t&#13;\n\t\t\t<\/td>\n<p>&#13;<\/p>\n<td style=\"text-align: center; vertical-align: middle;\">\u00a0<\/td>\n<p>&#13;<br \/>\n\t\t<\/tr>\n<p>&#13;<\/p>\n<tr>&#13;<\/p>\n<td style=\"text-align: center; vertical-align: middle;\">\u00a0<\/td>\n<p>&#13;<\/p>\n<td style=\"text-align: center; vertical-align: middle;\">\u00a0<\/td>\n<p>&#13;<br \/>\n\t\t<\/tr>\n<p>&#13;<\/p>\n<tr>&#13;<\/p>\n<td style=\"text-align: center; vertical-align: middle;\">\u00a0<\/td>\n<p>&#13;<\/p>\n<td style=\"text-align: center; vertical-align: middle;\">\u00a0<\/td>\n<p>&#13;<br \/>\n\t\t<\/tr>\n<p>&#13;<\/p>\n<tr>&#13;<\/p>\n<td colspan=\"5\" style=\"text-align: center; vertical-align: middle;\">&#13;<\/p>\n<p style=\"text-align:center\">\n<p>&#13;\n\t\t\t<\/td>\n<p>&#13;<br \/>\n\t\t<\/tr>\n<p>&#13;<br \/>\n\t<\/tbody>\n<p>&#13;<br \/>\n<\/table>\n<p>&#13;<br \/>\nPara o subsecret\u00e1rio de Saneamento da Semad, Anderson Diniz, o programa vai al\u00e9m da infraestrutura.\u00a0\u201cN\u00e3o se trata apenas de executar obras, mas de garantir dignidade, sa\u00fade e perman\u00eancia das fam\u00edlias no territ\u00f3rio. O sucesso do Programa \u00c1gua Doce em Minas Gerais reflete uma gest\u00e3o comprometida com resultados efetivos&#8221;, afirmou.<\/p>\n<p>O conv\u00eanio do PAD havia sido paralisado at\u00e9 2020, quando foi retomado pela atual gest\u00e3o estadual. A iniciativa fortalece o compromisso do Estado com o desenvolvimento sustent\u00e1vel\u00a0e a redu\u00e7\u00e3o das desigualdades\u00a0no acesso \u00e0 \u00e1gua pot\u00e1vel, especialmente em regi\u00f5es de alta vulnerabilidade social e clim\u00e1tica.<\/p>\n<p>O coordenador estadual do PAD, Kleynner Lopes, refor\u00e7ou que o trabalho continua mesmo ap\u00f3s a conclus\u00e3o das estruturas. \u201cA entrega dos sistemas \u00e9 apenas uma etapa. As oficinas de mobiliza\u00e7\u00e3o e sustentabilidade s\u00e3o essenciais para garantir o correto funcionamento e o engajamento da popula\u00e7\u00e3o\u201d, disse.<\/p>\n<p><strong>Munic\u00edpios celebram transforma\u00e7\u00e3o<\/strong><\/p>\n<p>O secret\u00e1rio de Agricultura e Meio Ambiente de Mato Verde,\u00a0Cristiano Neto, conta que o\u00a0Programa \u00c1gua Doce atende mais de 130 fam\u00edlias nos distritos de Cristino e Cristino II.\u00a0<\/p>\n<p>\u201cO programa veio trazer respeito e dignidade para a popula\u00e7\u00e3o. Ele trouxe sa\u00fade e \u00e1gua de qualidade.\u00a0A popula\u00e7\u00e3o tem acesso a 20 litros de \u00e1gua por dia para cada cidad\u00e3o. Al\u00e9m disso, existe a possibilidade de gera\u00e7\u00e3o de emprego e renda para a popula\u00e7\u00e3o com a cria\u00e7\u00e3o de peixes, o que fomenta ainda mais o Programa \u00c1gua Doce, que veio para ficar\u201d, diz.<\/p>\n<p>Para Maria Aparecida da Silva, moradora de uma das comunidades beneficiadas, o impacto \u00e9 direto no cotidiano. \u201cA \u00e1gua foi muito boa para n\u00f3s. Ela \u00e9 necess\u00e1ria para as coisas mais b\u00e1sicas do dia a dia. \u00c9 algo que n\u00e3o pode nos faltar, porque \u00e9 vida e sa\u00fade\u201d, contou.<\/p>\n<p><strong>Pr\u00f3ximos passos<\/strong><\/p>\n<p>Na segunda fase do programa, ser\u00e3o implantados mais 30 sistemas\u00a0de abastecimento em comunidades rurais, com investimento de R$ 11,2 milh\u00f5es, por meio de termo de compromisso entre a Semad\u00a0e o Minist\u00e9rio da Integra\u00e7\u00e3o e do Desenvolvimento Regional (MIDR).\u00a0A expectativa \u00e9 que mais 16 mil habitantes sejam beneficiados na segunda etapa.\u00a0\u00a0<\/p>\n<\/p><\/div>\n","protected":false},"excerpt":{"rendered":"<p>Relacionadas O Governo de Minas Gerais finalizou as obras de implanta\u00e7\u00e3o de sistemas de dessaliniza\u00e7\u00e3o em 69 comunidades rurais do<\/p>\n","protected":false},"author":1,"featured_media":0,"comment_status":"","ping_status":"","sticky":false,"template":"","format":"standard","meta":{"colormag_page_container_layout":"default_layout","colormag_page_sidebar_layout":"default_layout","footnotes":""},"categories":[1],"tags":[],"class_list":["post-53359","post","type-post","status-publish","format-standard","hentry","category-sem-categoria"],"_links":{"self":[{"href":"https:\/\/euvivoaselecao.com.br\/index.php\/wp-json\/wp\/v2\/posts\/53359","targetHints":{"allow":["GET"]}}],"collection":[{"href":"https:\/\/euvivoaselecao.com.br\/index.php\/wp-json\/wp\/v2\/posts"}],"about":[{"href":"https:\/\/euvivoaselecao.com.br\/index.php\/wp-json\/wp\/v2\/types\/post"}],"author":[{"embeddable":true,"href":"https:\/\/euvivoaselecao.com.br\/index.php\/wp-json\/wp\/v2\/users\/1"}],"replies":[{"embeddable":true,"href":"https:\/\/euvivoaselecao.com.br\/index.php\/wp-json\/wp\/v2\/comments?post=53359"}],"version-history":[{"count":0,"href":"https:\/\/euvivoaselecao.com.br\/index.php\/wp-json\/wp\/v2\/posts\/53359\/revisions"}],"wp:attachment":[{"href":"https:\/\/euvivoaselecao.com.br\/index.php\/wp-json\/wp\/v2\/media?parent=53359"}],"wp:term":[{"taxonomy":"category","embeddable":true,"href":"https:\/\/euvivoaselecao.com.br\/index.php\/wp-json\/wp\/v2\/categories?post=53359"},{"taxonomy":"post_tag","embeddable":true,"href":"https:\/\/euvivoaselecao.com.br\/index.php\/wp-json\/wp\/v2\/tags?post=53359"}],"curies":[{"name":"wp","href":"https:\/\/api.w.org\/{rel}","templated":true}]}}