{"id":53363,"date":"2025-06-17T14:56:37","date_gmt":"2025-06-17T17:56:37","guid":{"rendered":"https:\/\/euvivoaselecao.com.br\/index.php\/2025\/06\/17\/alex-escobar-exalta-a-barreira-do-vasco-e-sao-januario-a-globo-ama-o-vasco-veja-video\/"},"modified":"2025-06-17T14:56:37","modified_gmt":"2025-06-17T17:56:37","slug":"alex-escobar-exalta-a-barreira-do-vasco-e-sao-januario-a-globo-ama-o-vasco-veja-video","status":"publish","type":"post","link":"https:\/\/euvivoaselecao.com.br\/index.php\/2025\/06\/17\/alex-escobar-exalta-a-barreira-do-vasco-e-sao-januario-a-globo-ama-o-vasco-veja-video\/","title":{"rendered":"Alex Escobar exalta a Barreira do Vasco e S\u00e3o Janu\u00e1rio: \u2018A Globo ama o Vasco\u2019; veja v\u00eddeo"},"content":{"rendered":"<p><\/p>\n<p>Alex Escobar exalta a Barreira do Vasco e S\u00e3o Janu\u00e1rio: \u2018A Globo ama o Vasco\u2019; veja v\u00eddeo Ter\u00e7a-feira, 17\/06\/2025 \u2013 10:02 DECLARA\u00c7\u00c3O BOMB\u00c1STICA \/ CBF CONFIRMA TUDO Fonte: Youtube Leonardo\u2026 <\/p>\n<p>O conte\u00fado Alex Escobar exalta a Barreira do Vasco e S\u00e3o Janu\u00e1rio: \u2018A Globo ama o Vasco\u2019; veja v\u00eddeo aparece primeiro em VASCONet.<\/p>\n","protected":false},"excerpt":{"rendered":"<p>Alex Escobar exalta a Barreira do Vasco e S\u00e3o Janu\u00e1rio: \u2018A Globo ama o Vasco\u2019; veja v\u00eddeo Ter\u00e7a-feira, 17\/06\/2025 \u2013<\/p>\n","protected":false},"author":1,"featured_media":0,"comment_status":"","ping_status":"","sticky":false,"template":"","format":"standard","meta":{"colormag_page_container_layout":"default_layout","colormag_page_sidebar_layout":"default_layout","footnotes":""},"categories":[1],"tags":[],"class_list":["post-53363","post","type-post","status-publish","format-standard","hentry","category-sem-categoria"],"_links":{"self":[{"href":"https:\/\/euvivoaselecao.com.br\/index.php\/wp-json\/wp\/v2\/posts\/53363","targetHints":{"allow":["GET"]}}],"collection":[{"href":"https:\/\/euvivoaselecao.com.br\/index.php\/wp-json\/wp\/v2\/posts"}],"about":[{"href":"https:\/\/euvivoaselecao.com.br\/index.php\/wp-json\/wp\/v2\/types\/post"}],"author":[{"embeddable":true,"href":"https:\/\/euvivoaselecao.com.br\/index.php\/wp-json\/wp\/v2\/users\/1"}],"replies":[{"embeddable":true,"href":"https:\/\/euvivoaselecao.com.br\/index.php\/wp-json\/wp\/v2\/comments?post=53363"}],"version-history":[{"count":0,"href":"https:\/\/euvivoaselecao.com.br\/index.php\/wp-json\/wp\/v2\/posts\/53363\/revisions"}],"wp:attachment":[{"href":"https:\/\/euvivoaselecao.com.br\/index.php\/wp-json\/wp\/v2\/media?parent=53363"}],"wp:term":[{"taxonomy":"category","embeddable":true,"href":"https:\/\/euvivoaselecao.com.br\/index.php\/wp-json\/wp\/v2\/categories?post=53363"},{"taxonomy":"post_tag","embeddable":true,"href":"https:\/\/euvivoaselecao.com.br\/index.php\/wp-json\/wp\/v2\/tags?post=53363"}],"curies":[{"name":"wp","href":"https:\/\/api.w.org\/{rel}","templated":true}]}}