{"id":53364,"date":"2025-06-17T15:12:40","date_gmt":"2025-06-17T18:12:40","guid":{"rendered":"https:\/\/euvivoaselecao.com.br\/index.php\/2025\/06\/17\/agencia-minas-gerais-primeira-etapa-de-vacinacao-contra-brucelose-de-2025-termina-dia-30-6-em-minas-gerais\/"},"modified":"2025-06-17T15:12:40","modified_gmt":"2025-06-17T18:12:40","slug":"agencia-minas-gerais-primeira-etapa-de-vacinacao-contra-brucelose-de-2025-termina-dia-30-6-em-minas-gerais","status":"publish","type":"post","link":"https:\/\/euvivoaselecao.com.br\/index.php\/2025\/06\/17\/agencia-minas-gerais-primeira-etapa-de-vacinacao-contra-brucelose-de-2025-termina-dia-30-6-em-minas-gerais\/","title":{"rendered":"Ag\u00eancia Minas Gerais | Primeira etapa de vacina\u00e7\u00e3o contra brucelose de 2025 termina dia 30\/6\u00a0em Minas Gerais"},"content":{"rendered":"<p><\/p>\n<div>\n<p>Produtores rurais mineiros t\u00eam at\u00e9 o dia 30\/6\u00a0para vacinar suas bezerras bovinas e bubalinas, entre 3 e 8 meses de idade, contra a brucelose, uma doen\u00e7a grave que pode afetar n\u00e3o s\u00f3 os animais, mas tamb\u00e9m os seres humanos. O alerta \u00e9 do Instituto Mineiro de Agropecu\u00e1ria (IMA), respons\u00e1vel por executar no estado o Programa Nacional de Controle e Erradica\u00e7\u00e3o da Brucelose e da Tuberculose Animal (PNCEBT), institu\u00eddo pelo Minist\u00e9rio da Agricultura e Pecu\u00e1ria (Mapa), no estado. A vacina\u00e7\u00e3o \u00e9 obrigat\u00f3ria e deve ser realizada por m\u00e9dicos veterin\u00e1rios ou vacinadores cadastrados no IMA, j\u00e1 que o imunizante \u00e9 uma vacina viva atenuada e exige cuidados especiais durante a aplica\u00e7\u00e3o. Ap\u00f3s a vacina\u00e7\u00e3o, o produtor tem at\u00e9 o dia 10\/7\u00a0para declarar a imuniza\u00e7\u00e3o junto ao \u00f3rg\u00e3o.\u00a0<\/p>\n<p>Para evitar multa, o pecuarista deve estar atento aos prazos para a vacina\u00e7\u00e3o e a declara\u00e7\u00e3o de imuniza\u00e7\u00e3o contra brucelose. Em 2024, o estado ultrapassou a meta nacional do PNCEBT ao imunizar 80,3% das bezerras, superando o \u00edndice de 77,5% registrado no ano anterior. \u201cA supera\u00e7\u00e3o da meta demonstra o comprometimento dos produtores mineiros, das entidades do setor e o papel fundamental do IMA em garantir a sanidade dos rebanhos e a seguran\u00e7a alimentar\u201d, afirma Luciana Oliveira, coordenadora do PNCEBT em Minas Gerais. A brucelose, causada pela bact\u00e9ria Brucella abortus, \u00e9 respons\u00e1vel por abortos no ter\u00e7o final da gesta\u00e7\u00e3o e pode ser transmitida a humanos que manejam animais ou a vacina sem a devida prote\u00e7\u00e3o.<\/p>\n<p>Mesmo com os avan\u00e7os, o \u00f3rg\u00e3o alerta que o controle da doen\u00e7a s\u00f3 ser\u00e1 poss\u00edvel com a participa\u00e7\u00e3o ativa dos produtores. O descumprimento das normas n\u00e3o s\u00f3 coloca em risco a sa\u00fade p\u00fablica, como tamb\u00e9m pode comprometer a comercializa\u00e7\u00e3o e exporta\u00e7\u00e3o dos produtos agropecu\u00e1rios mineiros.<\/p>\n<p><strong>Atualiza\u00e7\u00e3o de rebanhos\u00a0<\/strong><\/p>\n<p>Outro prazo importante para os criadores mineiros \u00e9 o da atualiza\u00e7\u00e3o de rebanhos, que come\u00e7ou em maio e tamb\u00e9m se encerra no dia 30\/6. Os produtores devem atualizar, junto ao IMA, os dados de todos os animais existentes na propriedade. A medida \u00e9 obrigat\u00f3ria e a n\u00e3o atualiza\u00e7\u00e3o impede a emiss\u00e3o da Guia de Tr\u00e2nsito Animal (GTA) &#8211; documento indispens\u00e1vel para a movimenta\u00e7\u00e3o e comercializa\u00e7\u00e3o de animais entre munic\u00edpios e unidades da federa\u00e7\u00e3o.<\/p>\n<p>Devem ser informadas as seguintes esp\u00e9cies: bovinos, bubalinos, equinos, muares, asininos, su\u00ednos, aves, caprinos, ovinos, animais aqu\u00e1ticos e abelhas. Essa a\u00e7\u00e3o \u00e9 uma ferramenta essencial para o monitoramento sanit\u00e1rio no estado. Com os dados em dia, o IMA consegue agir de forma mais eficaz em situa\u00e7\u00f5es de emerg\u00eancia sanit\u00e1ria, como surtos de doen\u00e7as, al\u00e9m de planejar a\u00e7\u00f5es de preven\u00e7\u00e3o e controle com mais precis\u00e3o.<\/p>\n<p><strong>Servi\u00e7o<\/strong><\/p>\n<p>Para declarar a vacina\u00e7\u00e3o contra a brucelose, o produtor deve procurar o escrit\u00f3rio seccional do IMA mais pr\u00f3ximo ou enviar a documenta\u00e7\u00e3o por e-mail. Os endere\u00e7os e contatos das unidades podem ser consultados no site oficial do \u00f3rg\u00e3o (clique aqui). O servi\u00e7o ainda n\u00e3o est\u00e1 dispon\u00edvel para ser realizado pelo Portal do Produtor.\u00a0<\/p>\n<p>J\u00e1 a atualiza\u00e7\u00e3o de rebanhos pode ser feita de forma digital, por meio do Portal do Produtor (clique aqui). E \u00e9 poss\u00edvel tamb\u00e9m realizar o procedimento presencialmente, em um dos escrit\u00f3rios do \u00f3rg\u00e3o, ou ainda por e-mail.<\/p>\n<\/p><\/div>\n","protected":false},"excerpt":{"rendered":"<p>Produtores rurais mineiros t\u00eam at\u00e9 o dia 30\/6\u00a0para vacinar suas bezerras bovinas e bubalinas, entre 3 e 8 meses de<\/p>\n","protected":false},"author":1,"featured_media":0,"comment_status":"","ping_status":"","sticky":false,"template":"","format":"standard","meta":{"colormag_page_container_layout":"default_layout","colormag_page_sidebar_layout":"default_layout","footnotes":""},"categories":[1],"tags":[],"class_list":["post-53364","post","type-post","status-publish","format-standard","hentry","category-sem-categoria"],"_links":{"self":[{"href":"https:\/\/euvivoaselecao.com.br\/index.php\/wp-json\/wp\/v2\/posts\/53364","targetHints":{"allow":["GET"]}}],"collection":[{"href":"https:\/\/euvivoaselecao.com.br\/index.php\/wp-json\/wp\/v2\/posts"}],"about":[{"href":"https:\/\/euvivoaselecao.com.br\/index.php\/wp-json\/wp\/v2\/types\/post"}],"author":[{"embeddable":true,"href":"https:\/\/euvivoaselecao.com.br\/index.php\/wp-json\/wp\/v2\/users\/1"}],"replies":[{"embeddable":true,"href":"https:\/\/euvivoaselecao.com.br\/index.php\/wp-json\/wp\/v2\/comments?post=53364"}],"version-history":[{"count":0,"href":"https:\/\/euvivoaselecao.com.br\/index.php\/wp-json\/wp\/v2\/posts\/53364\/revisions"}],"wp:attachment":[{"href":"https:\/\/euvivoaselecao.com.br\/index.php\/wp-json\/wp\/v2\/media?parent=53364"}],"wp:term":[{"taxonomy":"category","embeddable":true,"href":"https:\/\/euvivoaselecao.com.br\/index.php\/wp-json\/wp\/v2\/categories?post=53364"},{"taxonomy":"post_tag","embeddable":true,"href":"https:\/\/euvivoaselecao.com.br\/index.php\/wp-json\/wp\/v2\/tags?post=53364"}],"curies":[{"name":"wp","href":"https:\/\/api.w.org\/{rel}","templated":true}]}}