{"id":53382,"date":"2025-06-17T18:26:48","date_gmt":"2025-06-17T21:26:48","guid":{"rendered":"https:\/\/euvivoaselecao.com.br\/index.php\/2025\/06\/17\/nova-camisa-preta-sera-lancada-no-dia-27-veja-video\/"},"modified":"2025-06-17T18:26:48","modified_gmt":"2025-06-17T21:26:48","slug":"nova-camisa-preta-sera-lancada-no-dia-27-veja-video","status":"publish","type":"post","link":"https:\/\/euvivoaselecao.com.br\/index.php\/2025\/06\/17\/nova-camisa-preta-sera-lancada-no-dia-27-veja-video\/","title":{"rendered":"Nova camisa preta ser\u00e1 lan\u00e7ada no dia 27; veja v\u00eddeo"},"content":{"rendered":"<p><\/p>\n<p>Nova camisa preta ser\u00e1 lan\u00e7ada no dia 27; veja v\u00eddeo Ter\u00e7a-feira, 17\/06\/2025 \u2013 12:49 Vasco da Gama @VascodaGama Caravanas. \ud83d\udca2 \u23f3 Camisa HOME Vasco Kappa 2025 \ud83d\uddd3\ufe0f 27.06 #VascoDaGama Fonte:\u2026 <\/p>\n<p>O conte\u00fado Nova camisa preta ser\u00e1 lan\u00e7ada no dia 27; veja v\u00eddeo aparece primeiro em VASCONet.<\/p>\n","protected":false},"excerpt":{"rendered":"<p>Nova camisa preta ser\u00e1 lan\u00e7ada no dia 27; veja v\u00eddeo Ter\u00e7a-feira, 17\/06\/2025 \u2013 12:49 Vasco da Gama @VascodaGama Caravanas. \ud83d\udca2<\/p>\n","protected":false},"author":1,"featured_media":0,"comment_status":"","ping_status":"","sticky":false,"template":"","format":"standard","meta":{"colormag_page_container_layout":"default_layout","colormag_page_sidebar_layout":"default_layout","footnotes":""},"categories":[1],"tags":[],"class_list":["post-53382","post","type-post","status-publish","format-standard","hentry","category-sem-categoria"],"_links":{"self":[{"href":"https:\/\/euvivoaselecao.com.br\/index.php\/wp-json\/wp\/v2\/posts\/53382","targetHints":{"allow":["GET"]}}],"collection":[{"href":"https:\/\/euvivoaselecao.com.br\/index.php\/wp-json\/wp\/v2\/posts"}],"about":[{"href":"https:\/\/euvivoaselecao.com.br\/index.php\/wp-json\/wp\/v2\/types\/post"}],"author":[{"embeddable":true,"href":"https:\/\/euvivoaselecao.com.br\/index.php\/wp-json\/wp\/v2\/users\/1"}],"replies":[{"embeddable":true,"href":"https:\/\/euvivoaselecao.com.br\/index.php\/wp-json\/wp\/v2\/comments?post=53382"}],"version-history":[{"count":0,"href":"https:\/\/euvivoaselecao.com.br\/index.php\/wp-json\/wp\/v2\/posts\/53382\/revisions"}],"wp:attachment":[{"href":"https:\/\/euvivoaselecao.com.br\/index.php\/wp-json\/wp\/v2\/media?parent=53382"}],"wp:term":[{"taxonomy":"category","embeddable":true,"href":"https:\/\/euvivoaselecao.com.br\/index.php\/wp-json\/wp\/v2\/categories?post=53382"},{"taxonomy":"post_tag","embeddable":true,"href":"https:\/\/euvivoaselecao.com.br\/index.php\/wp-json\/wp\/v2\/tags?post=53382"}],"curies":[{"name":"wp","href":"https:\/\/api.w.org\/{rel}","templated":true}]}}