{"id":53385,"date":"2025-06-17T19:09:03","date_gmt":"2025-06-17T22:09:03","guid":{"rendered":"https:\/\/euvivoaselecao.com.br\/index.php\/2025\/06\/17\/judo-luana-carvalho-perde-na-estreia-do-mundial\/"},"modified":"2025-06-17T19:09:03","modified_gmt":"2025-06-17T22:09:03","slug":"judo-luana-carvalho-perde-na-estreia-do-mundial","status":"publish","type":"post","link":"https:\/\/euvivoaselecao.com.br\/index.php\/2025\/06\/17\/judo-luana-carvalho-perde-na-estreia-do-mundial\/","title":{"rendered":"Jud\u00f4: Luana Carvalho perde na estreia do Mundial"},"content":{"rendered":"<p><\/p>\n<div>O quinto dia do Campeonato Mundial de Jud\u00f4 contou com a participa\u00e7\u00e3o de tr\u00eas atletas brasileiros, e nenhum deles conseguiu avan\u00e7ar \u00e0s disputas de medalha. Nesta ter\u00e7a-feira (17), Marcelo Fronckowiak (-90kg), Rafael Macedo (-90kg) e Luana Carvalho (-70kg) tiveram rev\u00e9s nas rodadas preliminares e se despediram da competi\u00e7\u00e3o mais cedo.<\/p>\n<p>No masculino, Marcelo come\u00e7ou vencendo o estadunidense Oleksandr Nyzhnyk com um yuko, na primeira rodada. Na luta seguinte, o brasileiro conseguiu abrir dois shidos contra o franc\u00eas Maxime-Gael Ngayap Hambou, mas, no golden score, acabou projetado em yuko.\n<\/p>\n<p>Enquanto isso, na mesma categoria, Rafael parou na estreia contra o tcheco Adam Kopecky, que conseguiu um waza-ari tamb\u00e9m no golden score.\n<\/p>\n<p>\u201cPeguei um cara muito duro, mas que eu sabia que eu poderia ganhar. Eu estava lutando muito bem, com ritmo a luta toda. N\u00e3o me vi cansando em nenhum momento e busquei a luta inteira. E por isso \u00e9 muito dif\u00edcil para mim sair assim, na segunda rodada. Agora \u00e9 voltar mais forte, acho que esse \u00e9 o nosso objetivo. Saio triste, mas ainda tem a equipe, ent\u00e3o n\u00e3o tem como desanimar. A gente vai buscar esse ouro, o Brasil \u00e9 uma equipe muito forte e tem uma harmonia muito boa\u201d disse Marcelo.\n<\/p>\n<p>\u201c\u00c9 uma categoria muito disputada, acredito que uma das mais fortes atualmente. Era um advers\u00e1rio que eu n\u00e3o conhecia. O estudei, mas, na luta, as coisas v\u00e3o acontecendo. N\u00f3s vamos tomando decis\u00f5es que \u00e0s vezes acabam n\u00e3o sendo as corretas, e isso faz parte. Acho que lutei bem abaixo do que posso e do que j\u00e1 demonstrei, mas n\u00e3o tem o que fazer. Agora \u00e9 seguir em frente. Tem a competi\u00e7\u00e3o por equipe daqui alguns dias\u201d, exp\u00f4s Rafael.\n<\/p>\n<p>J\u00e1 no feminino, Luana acabou levando a pior na primeira luta contra a holandesa Sanne Van Dijke. A brasileira conseguiu ficar \u00e0 frente nas puni\u00e7\u00f5es, deixando a advers\u00e1ria pendurada, mas, no golden score, foi contra-golpeada e caiu em yuko.\n<\/p>\n<p>\u201cFoi no detalhe. Consegui colocar dois shidos, mas em uma falha minha ela acabou achando uma entrada. Tentei me defender, mas n\u00e3o consegui. Posso n\u00e3o ter conseguido avan\u00e7ar hoje, mas eu vou continuar trabalhando e continuar seguindo e buscando os meus objetivos. O Mundial pra mim n\u00e3o acabou. Ainda tem a competi\u00e7\u00e3o por equipes, ent\u00e3o eu vou me reerguer e voltar mais forte para poder buscar essa medalha para o Brasil\u201d, falou Luana.\n<\/p>\n<p>At\u00e9 o momento, o jud\u00f4 brasileiro conquistou duas medalhas no Mundial: a prata de Daniel Cargnin (-73kg) e o bronze de Shirlen Nascimento (-57kg). E, al\u00e9m desses p\u00f3dios, ainda teve tr\u00eas quinto lugares com Michel Augusto (-60kg), Rafaela Silva (-63kg) e Nauana Silva (-63kg).\n<\/p>\n<p>As disputas em Budapeste continuam nesta quarta-feira (18), com mais tr\u00eas brasileiros: Beatriz Freitas (-78kg), Karol Gimenes (-78kg) e Leonardo Gon\u00e7alves (-100kg).\n<\/p>\n<p>As preliminares come\u00e7am \u00e0s 6h30 (hor\u00e1rio de Bras\u00edlia), com o bloco final a partir das 13h. Caz\u00e9 TV, Canal Ol\u00edmpico do Brasil e Sportv transmitem ao vivo.\n<\/p>\n<p>Fonte: CBJ<\/p>\n<\/div>\n<p><script async defer crossorigin=\"anonymous\" src=\"https:\/\/connect.facebook.net\/pt_BR\/sdk.js#xfbml=1&amp;version=v12.0&amp;appId=114327694422&amp;autoLogAppEvents=1\" nonce=\"4kp7RAsD\"><\/script><\/p>\n","protected":false},"excerpt":{"rendered":"<p>O quinto dia do Campeonato Mundial de Jud\u00f4 contou com a participa\u00e7\u00e3o de tr\u00eas atletas brasileiros, e nenhum deles conseguiu<\/p>\n","protected":false},"author":1,"featured_media":0,"comment_status":"","ping_status":"","sticky":false,"template":"","format":"standard","meta":{"colormag_page_container_layout":"default_layout","colormag_page_sidebar_layout":"default_layout","footnotes":""},"categories":[1],"tags":[],"class_list":["post-53385","post","type-post","status-publish","format-standard","hentry","category-sem-categoria"],"_links":{"self":[{"href":"https:\/\/euvivoaselecao.com.br\/index.php\/wp-json\/wp\/v2\/posts\/53385","targetHints":{"allow":["GET"]}}],"collection":[{"href":"https:\/\/euvivoaselecao.com.br\/index.php\/wp-json\/wp\/v2\/posts"}],"about":[{"href":"https:\/\/euvivoaselecao.com.br\/index.php\/wp-json\/wp\/v2\/types\/post"}],"author":[{"embeddable":true,"href":"https:\/\/euvivoaselecao.com.br\/index.php\/wp-json\/wp\/v2\/users\/1"}],"replies":[{"embeddable":true,"href":"https:\/\/euvivoaselecao.com.br\/index.php\/wp-json\/wp\/v2\/comments?post=53385"}],"version-history":[{"count":0,"href":"https:\/\/euvivoaselecao.com.br\/index.php\/wp-json\/wp\/v2\/posts\/53385\/revisions"}],"wp:attachment":[{"href":"https:\/\/euvivoaselecao.com.br\/index.php\/wp-json\/wp\/v2\/media?parent=53385"}],"wp:term":[{"taxonomy":"category","embeddable":true,"href":"https:\/\/euvivoaselecao.com.br\/index.php\/wp-json\/wp\/v2\/categories?post=53385"},{"taxonomy":"post_tag","embeddable":true,"href":"https:\/\/euvivoaselecao.com.br\/index.php\/wp-json\/wp\/v2\/tags?post=53385"}],"curies":[{"name":"wp","href":"https:\/\/api.w.org\/{rel}","templated":true}]}}