{"id":53407,"date":"2025-06-17T23:24:48","date_gmt":"2025-06-18T02:24:48","guid":{"rendered":"https:\/\/euvivoaselecao.com.br\/index.php\/2025\/06\/17\/com-chegada-de-admar-lopes-e-pedido-de-fernando-diniz-rayan-nao-deve-ser-negociado-na-janela-do-meio-do-ano\/"},"modified":"2025-06-17T23:24:48","modified_gmt":"2025-06-18T02:24:48","slug":"com-chegada-de-admar-lopes-e-pedido-de-fernando-diniz-rayan-nao-deve-ser-negociado-na-janela-do-meio-do-ano","status":"publish","type":"post","link":"https:\/\/euvivoaselecao.com.br\/index.php\/2025\/06\/17\/com-chegada-de-admar-lopes-e-pedido-de-fernando-diniz-rayan-nao-deve-ser-negociado-na-janela-do-meio-do-ano\/","title":{"rendered":"Com chegada de Admar Lopes e pedido de Fernando Diniz, Rayan n\u00e3o deve ser negociado na janela do meio do ano"},"content":{"rendered":"<p><\/p>\n<div>\n<p>Com chegada de Admar Lopes e pedido de Fernando Diniz, Rayan n\u00e3o deve ser negociado na janela do meio do ano<\/p>\n<div>Aten\u00e7\u00e3o, Vasca\u00ednos! @AVascainos<\/p>\n<p>DEVE FICAR<\/p>\n<p>Com a chegada do novo Executivo de Futebol, Admar Lopes, e o pedido do t\u00e9cnico Fernando Diniz, o atacante Rayan n\u00e3o deve ser negociado nessa janela de meio do ano. O jogador \u00e9 considerado um dos pilares do time para o treinador, que acredita que ele poder\u00e1 ser mais valorizado ao final da temporada.<\/p>\n<p>Assista o AV News: <b>https:\/\/www.youtube.com\/live\/YFQeamgqmPo?si=0xLefg-hqQD0sp6B<\/b>\n<\/p>\n<p>Fonte: X Aten\u00e7\u00e3o Vasca\u00ednos<\/p>\n<\/div>\n<p><!-- CONTENT END 2 -->\n<\/div>\n<p><script async defer crossorigin=\"anonymous\" src=\"https:\/\/connect.facebook.net\/pt_BR\/sdk.js#xfbml=1&amp;version=v12.0&amp;appId=114327694422&amp;autoLogAppEvents=1\" nonce=\"4kp7RAsD\"><\/script><\/p>\n","protected":false},"excerpt":{"rendered":"<p>Com chegada de Admar Lopes e pedido de Fernando Diniz, Rayan n\u00e3o deve ser negociado na janela do meio do<\/p>\n","protected":false},"author":1,"featured_media":0,"comment_status":"","ping_status":"","sticky":false,"template":"","format":"standard","meta":{"colormag_page_container_layout":"default_layout","colormag_page_sidebar_layout":"default_layout","footnotes":""},"categories":[1],"tags":[],"class_list":["post-53407","post","type-post","status-publish","format-standard","hentry","category-sem-categoria"],"_links":{"self":[{"href":"https:\/\/euvivoaselecao.com.br\/index.php\/wp-json\/wp\/v2\/posts\/53407","targetHints":{"allow":["GET"]}}],"collection":[{"href":"https:\/\/euvivoaselecao.com.br\/index.php\/wp-json\/wp\/v2\/posts"}],"about":[{"href":"https:\/\/euvivoaselecao.com.br\/index.php\/wp-json\/wp\/v2\/types\/post"}],"author":[{"embeddable":true,"href":"https:\/\/euvivoaselecao.com.br\/index.php\/wp-json\/wp\/v2\/users\/1"}],"replies":[{"embeddable":true,"href":"https:\/\/euvivoaselecao.com.br\/index.php\/wp-json\/wp\/v2\/comments?post=53407"}],"version-history":[{"count":0,"href":"https:\/\/euvivoaselecao.com.br\/index.php\/wp-json\/wp\/v2\/posts\/53407\/revisions"}],"wp:attachment":[{"href":"https:\/\/euvivoaselecao.com.br\/index.php\/wp-json\/wp\/v2\/media?parent=53407"}],"wp:term":[{"taxonomy":"category","embeddable":true,"href":"https:\/\/euvivoaselecao.com.br\/index.php\/wp-json\/wp\/v2\/categories?post=53407"},{"taxonomy":"post_tag","embeddable":true,"href":"https:\/\/euvivoaselecao.com.br\/index.php\/wp-json\/wp\/v2\/tags?post=53407"}],"curies":[{"name":"wp","href":"https:\/\/api.w.org\/{rel}","templated":true}]}}