{"id":53408,"date":"2025-06-17T23:25:53","date_gmt":"2025-06-18T02:25:53","guid":{"rendered":"https:\/\/euvivoaselecao.com.br\/index.php\/2025\/06\/17\/escritor-cicero-sandroni-membro-da-abl-morre-aos-90-anos\/"},"modified":"2025-06-17T23:25:53","modified_gmt":"2025-06-18T02:25:53","slug":"escritor-cicero-sandroni-membro-da-abl-morre-aos-90-anos","status":"publish","type":"post","link":"https:\/\/euvivoaselecao.com.br\/index.php\/2025\/06\/17\/escritor-cicero-sandroni-membro-da-abl-morre-aos-90-anos\/","title":{"rendered":"Escritor C\u00edcero Sandroni, membro da ABL, morre aos 90 anos"},"content":{"rendered":"<p><\/p>\n<p>Por EBC, <\/p>\n<div class=\"code-block code-block-12\" style=\"margin: 8px auto;text-align: center;clear: both\">\n SIGA NOSSO CANAL DO WHATSAPP AGORA<\/p>\n<div><\/div>\n<\/div>\n<div class=\"code-block code-block-1\" style=\"margin: 8px auto;text-align: center;clear: both\">\n<\/div>\n<div>\n<p><strong>Morreu hoje (17), aos 90 anos, o acad\u00eamico, jornalista e escritor C\u00edcero Sandroni. De acordo com a Academia Brasileira de Letras, (ABL), Sandroni morreu em casa, no Rio de Janeiro, v\u00edtima de choque s\u00e9ptico causado por infec\u00e7\u00e3o urin\u00e1ria, j\u00e1 fragilizado por uma longa doen\u00e7a.<\/strong><\/p>\n<div class=\"code-block code-block-8\" style=\"margin: 8px 0;clear: both\">\n<\/div>\n<p>Ele deixa a vi\u00fava, Laura Const\u00e2ncia Austreg\u00e9silo de Athayde, e cinco filhos.\u00a0O vel\u00f3rio ser\u00e1 nesta quarta-feira, (18), a partir das 10h, na Academia Brasileira de Letras.<\/p>\n<div class=\"code-block code-block-7\" style=\"margin: 8px 0;clear: both\">\n SIGA-NOS NO WHATSAPP COM MAIS NOTICIAS <\/p>\n<p>&lt;!&#8211; Composite Start<\/p>\n<div id=\"M377024ScriptRootC1105590\">\n<\/div>\n<p><!-- Composite End --> &#8211;&gt;<\/p>\n<\/div>\n<div class=\"code-block code-block-3\" style=\"margin: 8px 0;clear: both\">\n<\/div>\n<div class=\"code-block code-block-5\" style=\"margin: 8px auto;text-align: center;clear: both\">\n<\/div>\n<p><strong>C\u00edcero Sandroni foi jornalista e um acad\u00eamico dedicado \u00e0 ABL, da qual foi presidente entre 2007 e 2009.<\/strong>\u00a0Em nota, o Minist\u00e9rio da Cultura lamentou a morte de Sandroni:\u00a0<\/p>\n<div class=\"code-block code-block-6\" style=\"margin: 8px 0;clear: both\">\n<!-- Composite Start --><\/p>\n<div id=\"M377024ScriptRootC1105590\"><\/div>\n<p><!-- Composite End -->\n<\/div>\n<blockquote>\n<p>\u201cO Minist\u00e9rio da Cultura presta homenagem ao jornalista e escritor e se une \u00e0 fam\u00edlia, aos amigos e aos admiradores de C\u00edcero Sandroni neste momento de luto\u201d.\u00a0<\/p>\n<\/blockquote>\n<h2>Biografia<\/h2>\n<p><strong>Natural de S\u00e3o Paulo (SP), Sandroni se formou em jornalismo e administra\u00e7\u00e3o p\u00fablica ap\u00f3s se mudar com a fam\u00edlia para o Rio de Janeiro.\u00a0<\/strong><\/p>\n<div class=\"code-block code-block-2\" style=\"margin: 8px 0;clear: both\">\n<\/div>\n<p>Come\u00e7ou sua carreira em 1954, na Tribuna da Imprensa, depois passou por ve\u00edculos como Correio da Manh\u00e3, Jornal do Brasil e O Globo. <strong>Em 1976, durante a ditadura militar, ajudou a organizar o Manifesto dos Mil<\/strong>, documento dos intelectuais que acabou com a censura em 1976, ao lado N\u00e9lida Pi\u00f1on, Lygia Fagundes Telles e H\u00e9lio Silva, entre outros.\u00a0<\/p>\n<p><strong>Tamb\u00e9m participou do grupo que cobriu a inaugura\u00e7\u00e3o de Bras\u00edlia (DF) e ocupou cargos p\u00fablicos.<\/strong><\/p>\n<div class=\"code-block code-block-4\" style=\"margin: 8px 0;clear: both\">\n<\/div>\n<p>Como escritor, assinou as fic\u00e7\u00f5es <em>O Diabo S\u00f3 Chega ao Meio-Dia<\/em>, de 1985; <em>Cosme Velho<\/em>, de 1999; e <em>O Peixe de Armana<\/em>, de 2003.<\/p>\n<p>Junto com a mulher, Laura, escreveu o livro\u00a0<em>O S\u00e9culo de um liberal<\/em>, sobre a vida e obra de Austreg\u00e9silo de Athayde, seu sogro, um dos grandes pensadores do Brasil.\u00a0<\/p>\n<p><strong>Sexto ocupante da cadeira n\u00famero 6 da ABL, Sandroni foi eleito por unanimidade em 25 de setembro de 2003, na sucess\u00e3o de Raimundo Faoro.\u00a0<\/strong><\/p>\n<p>      <!-- Relacionada --><\/p>\n<p>            <!-- Relacionada -->\n    <\/p>\n<\/div>\n<p><!-- CONTENT END 2 --><\/p>\n<p>O post Escritor C\u00edcero Sandroni, membro da ABL, morre aos 90 anos apareceu primeiro em MRNews.<\/p>\n","protected":false},"excerpt":{"rendered":"<p>Por EBC, SIGA NOSSO CANAL DO WHATSAPP AGORA Morreu hoje (17), aos 90 anos, o acad\u00eamico, jornalista e escritor C\u00edcero<\/p>\n","protected":false},"author":2,"featured_media":0,"comment_status":"","ping_status":"","sticky":false,"template":"","format":"standard","meta":{"colormag_page_container_layout":"default_layout","colormag_page_sidebar_layout":"default_layout","footnotes":""},"categories":[],"tags":[],"class_list":["post-53408","post","type-post","status-publish","format-standard","hentry"],"_links":{"self":[{"href":"https:\/\/euvivoaselecao.com.br\/index.php\/wp-json\/wp\/v2\/posts\/53408","targetHints":{"allow":["GET"]}}],"collection":[{"href":"https:\/\/euvivoaselecao.com.br\/index.php\/wp-json\/wp\/v2\/posts"}],"about":[{"href":"https:\/\/euvivoaselecao.com.br\/index.php\/wp-json\/wp\/v2\/types\/post"}],"author":[{"embeddable":true,"href":"https:\/\/euvivoaselecao.com.br\/index.php\/wp-json\/wp\/v2\/users\/2"}],"replies":[{"embeddable":true,"href":"https:\/\/euvivoaselecao.com.br\/index.php\/wp-json\/wp\/v2\/comments?post=53408"}],"version-history":[{"count":0,"href":"https:\/\/euvivoaselecao.com.br\/index.php\/wp-json\/wp\/v2\/posts\/53408\/revisions"}],"wp:attachment":[{"href":"https:\/\/euvivoaselecao.com.br\/index.php\/wp-json\/wp\/v2\/media?parent=53408"}],"wp:term":[{"taxonomy":"category","embeddable":true,"href":"https:\/\/euvivoaselecao.com.br\/index.php\/wp-json\/wp\/v2\/categories?post=53408"},{"taxonomy":"post_tag","embeddable":true,"href":"https:\/\/euvivoaselecao.com.br\/index.php\/wp-json\/wp\/v2\/tags?post=53408"}],"curies":[{"name":"wp","href":"https:\/\/api.w.org\/{rel}","templated":true}]}}