{"id":53414,"date":"2025-06-18T00:47:32","date_gmt":"2025-06-18T03:47:32","guid":{"rendered":"https:\/\/euvivoaselecao.com.br\/index.php\/2025\/06\/18\/casa-encantada-vira-palco-de-poesia-com-alunos-da-rede-municipal\/"},"modified":"2025-06-18T00:47:32","modified_gmt":"2025-06-18T03:47:32","slug":"casa-encantada-vira-palco-de-poesia-com-alunos-da-rede-municipal","status":"publish","type":"post","link":"https:\/\/euvivoaselecao.com.br\/index.php\/2025\/06\/18\/casa-encantada-vira-palco-de-poesia-com-alunos-da-rede-municipal\/","title":{"rendered":"Casa Encantada vira palco de poesia com alunos da rede municipal"},"content":{"rendered":"<p><\/p>\n<div>\n<p><b>Fernanda Niquirilo<\/b><br \/>&#13;<br \/>\n&#13;<br \/>\n                <span style=\"font-weight: bold;\">Secretaria de Educa\u00e7\u00e3o e Cidadania<\/span><\/p>\n<p>Um fim de tarde recheado de poesia, do\u00e7ura e orgulho. Assim foi o sarau realizado nesta segunda-feira (16) pelas crian\u00e7as do Pr\u00e9 I H da Emei (<span>Escola Municipal de Educa\u00e7\u00e3o Infantil\u00a0<\/span>Cassiano Ricardo, que encantou os familiares e professores com um momento especial de homenagem a Santos Dumont, pai da avia\u00e7\u00e3o.<\/p>\n<p data-start=\"471\" data-end=\"768\">O evento ocorrou na Casa A Encantada, espa\u00e7o l\u00fadico que se transformou em palco para as pequenas grandes estrelas da tarde. Com vozes suaves e cora\u00e7\u00f5es acelerados, os alunos recitaram poesias em homenagem ao inventor brasileiro, mesclando encantamento, ternura e muito brilho nos olhos.<\/p>\n<p data-start=\"770\" data-end=\"1002\">Os pais e respons\u00e1veis, convidados especiais da apresenta\u00e7\u00e3o, acompanharam tudo de pertinho, com celulares nas m\u00e3os e l\u00e1grimas nos olhos. Entre um verso e outro, era poss\u00edvel ouvir suspiros e sorrisos orgulhosos ecoando pelo espa\u00e7o.<\/p>\n<p data-start=\"1004\" data-end=\"1392\">A professora D\u00e9bora Evelyn, regente da turma, contou que o sarau foi preparado com muito carinho e dedica\u00e7\u00e3o ao longo de quase dois meses de ensaio.<\/p>\n<p data-start=\"1004\" data-end=\"1392\">\u201cDesde o in\u00edcio, as crian\u00e7as se mostraram muito envolvidas com o projeto. Ver cada uma delas declamando com seguran\u00e7a e alegria foi emocionante. A gente sabe o quanto elas cresceram nesse processo\u201d, afirmou D\u00e9bora, visivelmente emocionada.<\/p>\n<p data-start=\"1004\" data-end=\"1392\">\n<p data-start=\"1004\" data-end=\"1392\"><sub><em><sup>Pais e respons\u00e1veis se emocionaram com a apresenta\u00e7\u00e3o dos alunos da Emei Cassiano Ricardo | Foto: PMSJC<\/sup>\u00a0<\/em><\/sub><\/p>\n<p data-start=\"1394\" data-end=\"1582\"><span class=\"intertitulo\">Mem\u00f3ria preservada<\/span><\/p>\n<p data-start=\"1394\" data-end=\"1582\">Mais do que um momento art\u00edstico, o sarau tamb\u00e9m refor\u00e7ou valores importantes como autoestima, express\u00e3o, respeito e mem\u00f3ria hist\u00f3rica, tudo isso vivido de maneira l\u00fadica e significativa.<\/p>\n<p data-start=\"1584\" data-end=\"1929\">O evento faz parte das a\u00e7\u00f5es pedag\u00f3gicas da unidade escolar, que busca constantemente criar experi\u00eancias que valorizem o protagonismo infantil e a parceria com as fam\u00edlias.<\/p>\n<p data-start=\"1584\" data-end=\"1929\">E, neste dia especial, quem esteve presente saiu com o cora\u00e7\u00e3o mais leve e o olhar renovado.<\/p>\n<p><strong><span class=\"intertitulo\">A Encantada<\/span><\/strong><\/p>\n<p>Quem passeia no Parque Santos Dumont, na regi\u00e3o central de S\u00e3o Jos\u00e9, pode aproveitar para conhecer a Casa A Encantada, r\u00e9plica da resid\u00eancia original que foi o lar do pai da avia\u00e7\u00e3o, e embarcar em uma viagem imersiva cercada de hist\u00f3ria.<\/p>\n<p>Desde a fachada at\u00e9 o telhado, cada detalhe passou por revitaliza\u00e7\u00e3o e pintura para a preserva\u00e7\u00e3o do patrim\u00f4nio hist\u00f3rico e cultural. O espa\u00e7o tem r\u00e9plicas das inven\u00e7\u00f5es originais, atra\u00e7\u00f5es interativas e exposi\u00e7\u00f5es, al\u00e9m de contar com um acervo rico de livros, objetos, cartas, fotografias e mobili\u00e1rio.<\/p>\n<p>A Encantada foi realizada pela ABCAer (Associa\u00e7\u00e3o Brasileira de Cultura Aeroespacial)\u00a0em parceria com o DCTA (Departamento de Ci\u00eancia e Tecnologia Aeroespacial) e a Petrobras entre 2006 e 2012, sendo revitalizada pela Prefeitura em 2023 para receber a popula\u00e7\u00e3o.<\/p>\n<p><span class=\"intertitulo\">Servi\u00e7o<\/span><\/p>\n<p><strong>Casa A Encantada<\/strong><\/p>\n<p><strong>Funcionamento:<\/strong> de ter\u00e7a a sexta-feira, das 8h30 \u00e0s 11h30 e das 13h30 \u00e0s 16h30<\/p>\n<p><strong>Endere\u00e7o:<\/strong> Parque Santos Dumont: Rua Engenheiro Prudente Meireles de Morais, 1.000, na Vila Adyana, na regi\u00e3o central<\/p>\n<p><strong>Telefone:<\/strong> (12) 3912-3218<\/p>\n<p>&#13;<br \/>\n                        <strong>MAIS NOT\u00cdCIAS<\/strong><br \/>&#13;<br \/>\n                        Secretaria de Educa\u00e7\u00e3o e Cidadania&#13;\n                    <\/p>\n<\/p><\/div>\n","protected":false},"excerpt":{"rendered":"<p>Fernanda Niquirilo&#13; &#13; Secretaria de Educa\u00e7\u00e3o e Cidadania Um fim de tarde recheado de poesia, do\u00e7ura e orgulho. Assim foi<\/p>\n","protected":false},"author":1,"featured_media":0,"comment_status":"","ping_status":"","sticky":false,"template":"","format":"standard","meta":{"colormag_page_container_layout":"default_layout","colormag_page_sidebar_layout":"default_layout","footnotes":""},"categories":[1],"tags":[],"class_list":["post-53414","post","type-post","status-publish","format-standard","hentry","category-sem-categoria"],"_links":{"self":[{"href":"https:\/\/euvivoaselecao.com.br\/index.php\/wp-json\/wp\/v2\/posts\/53414","targetHints":{"allow":["GET"]}}],"collection":[{"href":"https:\/\/euvivoaselecao.com.br\/index.php\/wp-json\/wp\/v2\/posts"}],"about":[{"href":"https:\/\/euvivoaselecao.com.br\/index.php\/wp-json\/wp\/v2\/types\/post"}],"author":[{"embeddable":true,"href":"https:\/\/euvivoaselecao.com.br\/index.php\/wp-json\/wp\/v2\/users\/1"}],"replies":[{"embeddable":true,"href":"https:\/\/euvivoaselecao.com.br\/index.php\/wp-json\/wp\/v2\/comments?post=53414"}],"version-history":[{"count":0,"href":"https:\/\/euvivoaselecao.com.br\/index.php\/wp-json\/wp\/v2\/posts\/53414\/revisions"}],"wp:attachment":[{"href":"https:\/\/euvivoaselecao.com.br\/index.php\/wp-json\/wp\/v2\/media?parent=53414"}],"wp:term":[{"taxonomy":"category","embeddable":true,"href":"https:\/\/euvivoaselecao.com.br\/index.php\/wp-json\/wp\/v2\/categories?post=53414"},{"taxonomy":"post_tag","embeddable":true,"href":"https:\/\/euvivoaselecao.com.br\/index.php\/wp-json\/wp\/v2\/tags?post=53414"}],"curies":[{"name":"wp","href":"https:\/\/api.w.org\/{rel}","templated":true}]}}