{"id":53476,"date":"2025-06-18T13:36:05","date_gmt":"2025-06-18T16:36:05","guid":{"rendered":"https:\/\/euvivoaselecao.com.br\/index.php\/2025\/06\/18\/contratacao-publica-tera-8-de-vagas-para-mulher-vitima-de-violencia\/"},"modified":"2025-06-18T13:36:05","modified_gmt":"2025-06-18T16:36:05","slug":"contratacao-publica-tera-8-de-vagas-para-mulher-vitima-de-violencia","status":"publish","type":"post","link":"https:\/\/euvivoaselecao.com.br\/index.php\/2025\/06\/18\/contratacao-publica-tera-8-de-vagas-para-mulher-vitima-de-violencia\/","title":{"rendered":"Contrata\u00e7\u00e3o p\u00fablica ter\u00e1 8% de vagas para mulher v\u00edtima de viol\u00eancia"},"content":{"rendered":"<p><\/p>\n<div wp_automatic_readability=\"62.163503163503\">\n<p><strong>O governo federal estabeleceu o m\u00ednimo de 8% das vagas em contrata\u00e7\u00f5es p\u00fablicas para mulheres v\u00edtimas de viol\u00eancia dom\u00e9stica<\/strong>. O decreto n\u00ba 12.516,\u00a0que oficializa a exig\u00eancia, foi publicado no Di\u00e1rio Oficial da Uni\u00e3o desta quarta-feira (18).<\/p>\n<p><strong>A medida abrange mulheres cisg\u00eaneros (pessoas que nascem com sexo biol\u00f3gico feminino e se identificam com o g\u00eanero feminino), al\u00e9m de mulheres trans e travestis,\u00a0e, tamb\u00e9m, de outras identidades de g\u00eanero feminino protegidas pela Lei Maria da Penha (Lei n\u00ba 11.340\/2006).<\/strong><\/p>\n<p>A iniciativa de prote\u00e7\u00e3o social pretende criar oportunidades de emprego para mulheres que sofrem viol\u00eancia dom\u00e9stica.<\/p>\n<p><strong>Corpus Christi: bancos n\u00e3o ter\u00e3o atendimento presencial ao p\u00fablico<\/strong><\/p>\n<p><strong>Ind\u00fastria criativa movimentou R$ 393,3 bilh\u00f5es em 2023 no pa\u00eds<\/strong><\/p>\n<h2>O que diz o novo decreto<\/h2>\n<p>O novo decreto altera o Decreto n\u00ba 11.430\/2023, que regula a Lei de Licita\u00e7\u00f5es e Contratos Administrativos. Segundo o documento, dentro dos 8% das vagas dever\u00e3o ser destinadas prioritariamente a mulheres pretas e pardas, seguindo a propor\u00e7\u00e3o da popula\u00e7\u00e3o em cada estado ou no Distrito Federal, conforme dados do censo demogr\u00e1fico do Instituto Brasileiro de Geografia e Estat\u00edstica (IBGE).<\/p>\n<p>As contrata\u00e7\u00f5es ser\u00e3o destinadas exclusivamente a mulheres indicadas pelas unidades respons\u00e1veis pela pol\u00edtica p\u00fablica. As empresas contratadas e \u00f3rg\u00e3os contratantes n\u00e3o poder\u00e3o exigir das candidatas a apresenta\u00e7\u00e3o de quaisquer outros documentos para comprovar a situa\u00e7\u00e3o de viol\u00eancia.<\/p>\n<h2>Regras<\/h2>\n<p><strong>O novo decreto ressalva que pode haver menos de 8% de vagas reservadas em contratos de servi\u00e7os cont\u00ednuos \u2013 que exigem dedica\u00e7\u00e3o exclusiva de m\u00e3o de obra \u2013 quando o n\u00famero de funcion\u00e1rios for menor que 25 colaboradores.<\/strong><\/p>\n<p>O decreto incentiva a ado\u00e7\u00e3o de a\u00e7\u00f5es de equidade no ambiente de trabalho pelas empresas que participam de licita\u00e7\u00f5es, e isso pode ser um crit\u00e9rio de desempate nas concorr\u00eancias p\u00fablicas da administra\u00e7\u00e3o p\u00fablica federal direta, autarquias e funda\u00e7\u00f5es.<\/p>\n<p><strong>Aiatol\u00e1 amea\u00e7a reagir contra EUA ap\u00f3s Trump exigir a rendi\u00e7\u00e3o do Ir\u00e3<\/strong><\/p>\n<p><strong>UBS: 97% utilizam prontu\u00e1rio eletr\u00f4nico e 77% computador com internet<\/strong><\/p>\n<p>Se um mesmo contrato tiver diferentes tipos de servi\u00e7os cont\u00ednuos, as vagas para v\u00edtimas de viol\u00eancia devem ser distribu\u00eddas proporcionalmente entre esses servi\u00e7os, a menos que n\u00e3o haja dispon\u00edvel m\u00e3o de obra qualificada para as atividades necess\u00e1rias.<\/p>\n<h2>Ades\u00e3o<\/h2>\n<p>Os Minist\u00e9rios das Mulheres e da Gest\u00e3o e Inova\u00e7\u00e3o em Servi\u00e7os P\u00fablicos (MGI) firmar\u00e3o acordo de ades\u00e3o com as unidades respons\u00e1veis pela pol\u00edtica p\u00fablica de apoio \u00e0s mulheres v\u00edtimas de viol\u00eancia dom\u00e9stica.<\/p>\n<blockquote wp_automatic_readability=\"6\">\n<p>O acordo de ades\u00e3o sela a coopera\u00e7\u00e3o entre o governo federal e essas unidades para o desenvolvimento de a\u00e7\u00f5es de interesse p\u00fablico e rec\u00edproco sem transfer\u00eancia de dinheiro.<\/p>\n<\/blockquote>\n<p>O acordo de ades\u00e3o conter\u00e1 cl\u00e1usula que assegure o sigilo dos dados das mulheres v\u00edtimas de viol\u00eancia dom\u00e9stica.\u00a0<\/p>\n<\/div>\n","protected":false},"excerpt":{"rendered":"<p>O governo federal estabeleceu o m\u00ednimo de 8% das vagas em contrata\u00e7\u00f5es p\u00fablicas para mulheres v\u00edtimas de viol\u00eancia dom\u00e9stica. O<\/p>\n","protected":false},"author":2,"featured_media":0,"comment_status":"","ping_status":"","sticky":false,"template":"","format":"standard","meta":{"colormag_page_container_layout":"default_layout","colormag_page_sidebar_layout":"default_layout","footnotes":""},"categories":[],"tags":[],"class_list":["post-53476","post","type-post","status-publish","format-standard","hentry"],"_links":{"self":[{"href":"https:\/\/euvivoaselecao.com.br\/index.php\/wp-json\/wp\/v2\/posts\/53476","targetHints":{"allow":["GET"]}}],"collection":[{"href":"https:\/\/euvivoaselecao.com.br\/index.php\/wp-json\/wp\/v2\/posts"}],"about":[{"href":"https:\/\/euvivoaselecao.com.br\/index.php\/wp-json\/wp\/v2\/types\/post"}],"author":[{"embeddable":true,"href":"https:\/\/euvivoaselecao.com.br\/index.php\/wp-json\/wp\/v2\/users\/2"}],"replies":[{"embeddable":true,"href":"https:\/\/euvivoaselecao.com.br\/index.php\/wp-json\/wp\/v2\/comments?post=53476"}],"version-history":[{"count":0,"href":"https:\/\/euvivoaselecao.com.br\/index.php\/wp-json\/wp\/v2\/posts\/53476\/revisions"}],"wp:attachment":[{"href":"https:\/\/euvivoaselecao.com.br\/index.php\/wp-json\/wp\/v2\/media?parent=53476"}],"wp:term":[{"taxonomy":"category","embeddable":true,"href":"https:\/\/euvivoaselecao.com.br\/index.php\/wp-json\/wp\/v2\/categories?post=53476"},{"taxonomy":"post_tag","embeddable":true,"href":"https:\/\/euvivoaselecao.com.br\/index.php\/wp-json\/wp\/v2\/tags?post=53476"}],"curies":[{"name":"wp","href":"https:\/\/api.w.org\/{rel}","templated":true}]}}