{"id":53514,"date":"2025-06-18T21:28:38","date_gmt":"2025-06-19T00:28:38","guid":{"rendered":"https:\/\/euvivoaselecao.com.br\/index.php\/2025\/06\/18\/agencia-minas-gerais-ouvidoria-geral-do-estado-recebe-trofeu-do-vii-concurso-de-boas-praticas-da-rede-nacional-de-ouvidorias-publicas\/"},"modified":"2025-06-18T21:28:38","modified_gmt":"2025-06-19T00:28:38","slug":"agencia-minas-gerais-ouvidoria-geral-do-estado-recebe-trofeu-do-vii-concurso-de-boas-praticas-da-rede-nacional-de-ouvidorias-publicas","status":"publish","type":"post","link":"https:\/\/euvivoaselecao.com.br\/index.php\/2025\/06\/18\/agencia-minas-gerais-ouvidoria-geral-do-estado-recebe-trofeu-do-vii-concurso-de-boas-praticas-da-rede-nacional-de-ouvidorias-publicas\/","title":{"rendered":"Ag\u00eancia Minas Gerais | Ouvidoria-Geral do Estado recebe trof\u00e9u do VII Concurso de Boas Pr\u00e1ticas da Rede Nacional de Ouvidorias P\u00fablicas"},"content":{"rendered":"<p><\/p>\n<div>\n<p>A Ouvidoria-Geral do Estado de Minas Gerais (OGE\/MG) recebeu o trof\u00e9u do VII Concurso de Boas Pr\u00e1ticas da Rede Nacional de Ouvidorias P\u00fablicas, que classificou o\u00a0projeto \u201cA preven\u00e7\u00e3o ao ass\u00e9dio moral em Minas Gerais: as estrat\u00e9gias integradas para construir um ambiente de trabalho respeitoso, digno e saud\u00e1vel\u201d em primeiro lugar na categoria\u00a0\u201cOuvidorias p\u00fablicas vinculadas a munic\u00edpios com mais de 300 mil habitantes, a estados, ao Distrito Federal, ou \u00f3rg\u00e3o e entidades federais\u201d.<\/p>\n<p>O projeto vencedor foi anunciado em mar\u00e7o deste ano, durante a\u00a0Semana de Preven\u00e7\u00e3o e Combate ao Ass\u00e9dio Moral, e concorreu com\u00a0iniciativas inspiradoras que demonstram o impacto positivo\u00a0na\u00a0preven\u00e7\u00e3o e\u00a0no enfrentamento aos ass\u00e9dios e \u00e0 discrimina\u00e7\u00e3o no ambiente de trabalho na Administra\u00e7\u00e3o P\u00fablica.<\/p>\n<p>Com o trof\u00e9u em m\u00e3os, a ouvidora-geral do Estado, Gabriela Siqueira,\u00a0destacou a import\u00e2ncia da premia\u00e7\u00e3o como reconhecimento coletivo.\u00a0\u201cEsse trof\u00e9u \u00e9 resultado do trabalho dedicado de todos os servidores da OGE\/MG e dos nossos parceiros institucionais. Agrade\u00e7o especialmente \u00e0 Secretaria de Justi\u00e7a e Seguran\u00e7a P\u00fablica (Sejusp), \u00e0 Secretaria de Estado de Sa\u00fade (SES\/MG) e \u00e0 Fhemig, pela parceria em recentes campanhas que refor\u00e7aram as a\u00e7\u00f5es por um ambiente de trabalho sempre saud\u00e1vel e respeitoso.\u201d<\/p>\n<p>A atua\u00e7\u00e3o da OGE\/MG na preven\u00e7\u00e3o ao ass\u00e9dio \u00e9 estruturada e cont\u00ednua desde 2019, com a cria\u00e7\u00e3o da Ouvidoria de Preven\u00e7\u00e3o e Combate ao Ass\u00e9dio Moral e Sexual. S\u00e3o oferecidas capacita\u00e7\u00f5es frequentes aos \u00f3rg\u00e3os p\u00fablicos e implantados projetos personalizados de preven\u00e7\u00e3o, adaptados \u00e0s realidades espec\u00edficas de cada institui\u00e7\u00e3o, com base em um modelo de intelig\u00eancia, al\u00e9m de palestras de conscientiza\u00e7\u00e3o, produ\u00e7\u00e3o de cartilhas com linguagem acess\u00edvel sobre ass\u00e9dio moral, sexual e viol\u00eancia contra a mulher no ambiente laboral, e o oferecimento de cursos on-line voltados a todos os servidores p\u00fablicos. Tamb\u00e9m se destacam campanhas \u201cVoc\u00ea Sabia?\u201d, #TodosContraOAss\u00e9dio\u201d, em parceria com a Funda\u00e7\u00e3o Hospitalar do Estado de Minas Gerais (Fhemig), e o calend\u00e1rio \u201cAss\u00e9dio N\u00e3o \u00e9 Legal\u201d, que apresenta frases e situa\u00e7\u00f5es do cotidiano com o objetivo de promover a reflex\u00e3o sobre atitudes respeitosas e rela\u00e7\u00f5es saud\u00e1veis no ambiente de trabalho.<\/p>\n<p>Todas essas iniciativas visam consolidar uma cultura institucional baseada no respeito, na \u00e9tica e na integridade, onde o ass\u00e9dio n\u00e3o encontre espa\u00e7o para se perpetuar. \u201cO trof\u00e9u \u00e9 um ato simb\u00f3lico e representa o reconhecimento de nosso trabalho e que estamos no caminho certo. Mais do que uma premia\u00e7\u00e3o, ele reafirma o compromisso de todo o Governo de Minas com a promo\u00e7\u00e3o de ambientes de trabalho seguros, inclusivos e livres de ass\u00e9dio. Seguimos firmes na miss\u00e3o de escutar, acolher e agir, sempre com responsabilidade e sensibilidade, para que cada servidor e servidora sinta-se respeitado e protegido no exerc\u00edcio de suas fun\u00e7\u00f5es\u201d, declarou a ouvidora de Preven\u00e7\u00e3o e Combate ao Ass\u00e9dio Moral e Sexual da OGE\/MG, Luciene Ribeiro.<\/p>\n<p><b>Cartilhas<\/b><\/p>\n<p>Tanto no site (www.ouvidoriageral.mg.gov.br) quanto no Instagram da OGE\/MG (@ouvidoriamg) est\u00e3o dispon\u00edveis tr\u00eas cartilhas para consulta: Preven\u00e7\u00e3o e Combate ao Ass\u00e9dio Moral; Preven\u00e7\u00e3o e Combate ao Ass\u00e9dio Sexual e Preven\u00e7\u00e3o \u00e0 Viol\u00eancia e Ass\u00e9dio Contra a Mulher no Ambiente de Trabalho&#8221;.<\/p>\n<p>Elas foram criadas com o objetivo de explicar os conceitos, orientar os servidores p\u00fablicos estaduais e divulgar os canais para o registro de den\u00fancias.<\/p>\n<p><b>Sobre a premia\u00e7\u00e3o<\/b><\/p>\n<p>O VII Concurso de Boas Pr\u00e1ticas \u00e9 realizado pela Controladoria-Geral da Uni\u00e3o (CGU), juntamente com o Conselho Diretivo da Rede Nacional de Ouvidorias (Renouv), e tem o objetivo de estimular, reconhecer e premiar iniciativas desenvolvidas pelas ouvidorias p\u00fablicas em todos os n\u00edveis da federa\u00e7\u00e3o, que promovam a preven\u00e7\u00e3o e o enfrentamento aos ass\u00e9dios e \u00e0 discrimina\u00e7\u00e3o no ambiente de trabalho na Administra\u00e7\u00e3o P\u00fablica e o aprimoramento dos servi\u00e7os prestados por meio da avalia\u00e7\u00e3o dos servi\u00e7os p\u00fablicos.<\/p>\n<p>As ouvidorias p\u00fablicas, em todos os n\u00edveis da federa\u00e7\u00e3o, tiveram a oportunidade de inscrever uma experi\u00eancia em cada uma das seguintes tem\u00e1ticas: \u201cPreven\u00e7\u00e3o e enfrentamento aos ass\u00e9dios e \u00e0 discrimina\u00e7\u00e3o no ambiente de trabalho\u201d e \u201cAvalia\u00e7\u00e3o de Servi\u00e7os P\u00fablicos\u201d.<\/p>\n<p><b>Sobre a OGE\/MG<\/b><\/p>\n<p>A OGE\/MG \u00e9 o canal de interlocu\u00e7\u00e3o entre a sociedade e o Estado. Auxilia diretamente o governador na fiscaliza\u00e7\u00e3o e no aperfei\u00e7oamento dos servi\u00e7os p\u00fablico.<\/p>\n<p>Nos canais de atendimento da OGE\/MG \u00e9 poss\u00edvel se manifestar e registrar elogios, reclama\u00e7\u00f5es, den\u00fancias, solicita\u00e7\u00f5es e sugest\u00f5es sobre os servi\u00e7os p\u00fablicos estaduais.<\/p>\n<p>Sua estrutura \u00e9 formada por nove ouvidorias tem\u00e1ticas: Sa\u00fade; Educacional; Pol\u00edcia; Fazenda, Licita\u00e7\u00f5es e Patrim\u00f4nio P\u00fablico; Sistema Penitenci\u00e1rio e Socioeducativo; Ambiental e Agropecu\u00e1ria; Preven\u00e7\u00e3o e Combate \u00e0 Corrup\u00e7\u00e3o; Preven\u00e7\u00e3o e Combate ao Ass\u00e9dio Moral e Sexual e Desenvolvimento Econ\u00f4mico, Infraestrutura e Desenvolvimento Social.<\/p>\n<p>As manifesta\u00e7\u00f5es podem ser registradas pelos canais de atendimento:<\/p>\n<p>WhatsApp: (31) 3915-2022 \u2013 atendente virtual da OGE\/MG, Bel.<\/p>\n<p>Site:\u00a0www.ouvidoriageral.mg.gov.br<\/p>\n<p>Aplicativo MGApp, Ouvidoria na palma da m\u00e3o (dispon\u00edvel para Android e IOS)<\/p>\n<p>Telefones: 162, Disque &#8211; Ouvidoria e 136, Disque \u2013 Sa\u00fade<\/p>\n<p>\u00a0<\/p>\n<\/p><\/div>\n","protected":false},"excerpt":{"rendered":"<p>A Ouvidoria-Geral do Estado de Minas Gerais (OGE\/MG) recebeu o trof\u00e9u do VII Concurso de Boas Pr\u00e1ticas da Rede Nacional<\/p>\n","protected":false},"author":1,"featured_media":0,"comment_status":"","ping_status":"","sticky":false,"template":"","format":"standard","meta":{"colormag_page_container_layout":"default_layout","colormag_page_sidebar_layout":"default_layout","footnotes":""},"categories":[1],"tags":[],"class_list":["post-53514","post","type-post","status-publish","format-standard","hentry","category-sem-categoria"],"_links":{"self":[{"href":"https:\/\/euvivoaselecao.com.br\/index.php\/wp-json\/wp\/v2\/posts\/53514","targetHints":{"allow":["GET"]}}],"collection":[{"href":"https:\/\/euvivoaselecao.com.br\/index.php\/wp-json\/wp\/v2\/posts"}],"about":[{"href":"https:\/\/euvivoaselecao.com.br\/index.php\/wp-json\/wp\/v2\/types\/post"}],"author":[{"embeddable":true,"href":"https:\/\/euvivoaselecao.com.br\/index.php\/wp-json\/wp\/v2\/users\/1"}],"replies":[{"embeddable":true,"href":"https:\/\/euvivoaselecao.com.br\/index.php\/wp-json\/wp\/v2\/comments?post=53514"}],"version-history":[{"count":0,"href":"https:\/\/euvivoaselecao.com.br\/index.php\/wp-json\/wp\/v2\/posts\/53514\/revisions"}],"wp:attachment":[{"href":"https:\/\/euvivoaselecao.com.br\/index.php\/wp-json\/wp\/v2\/media?parent=53514"}],"wp:term":[{"taxonomy":"category","embeddable":true,"href":"https:\/\/euvivoaselecao.com.br\/index.php\/wp-json\/wp\/v2\/categories?post=53514"},{"taxonomy":"post_tag","embeddable":true,"href":"https:\/\/euvivoaselecao.com.br\/index.php\/wp-json\/wp\/v2\/tags?post=53514"}],"curies":[{"name":"wp","href":"https:\/\/api.w.org\/{rel}","templated":true}]}}