{"id":53516,"date":"2025-06-18T21:57:52","date_gmt":"2025-06-19T00:57:52","guid":{"rendered":"https:\/\/euvivoaselecao.com.br\/index.php\/2025\/06\/18\/setorista-do-bordeaux-faz-balanco-da-passagem-de-admar-lopes-pelo-clube-frances\/"},"modified":"2025-06-18T21:57:52","modified_gmt":"2025-06-19T00:57:52","slug":"setorista-do-bordeaux-faz-balanco-da-passagem-de-admar-lopes-pelo-clube-frances","status":"publish","type":"post","link":"https:\/\/euvivoaselecao.com.br\/index.php\/2025\/06\/18\/setorista-do-bordeaux-faz-balanco-da-passagem-de-admar-lopes-pelo-clube-frances\/","title":{"rendered":"Setorista do Bordeaux faz balan\u00e7o da passagem de Admar Lopes pelo clube franc\u00eas"},"content":{"rendered":"<p><\/p>\n<p>Setorista do Bordeaux faz balan\u00e7o da passagem de Admar Lopes pelo clube franc\u00eas<\/p>\n<div>\n<p>J\u00e1 confirmado como diretor executivo do Vasco e j\u00e1 com data marcada para sua entrevista coletiva de apresenta\u00e7\u00e3o, Admar Lopes carrega consigo a esperan\u00e7a, projetada pelo torcedor, de um Vasco mais competitivo.\n<\/p>\n<p>Com longo curr\u00edculo na Europa, fez sua \u00faltima parada no velho continente, antes de se juntar ao Vasco, no Bordeaux, da Fran\u00e7a. O clube, que vive maus bocados, estando na quarta divis\u00e3o francesa, foi sua \u00faltima pincelada na obra de arte que deixou do outro lado do oceano.\n<\/p>\n<p>Apesar de trazer consigo a esperan\u00e7a do novo, Admar deixou para tr\u00e1s mais aspectos negativos do que positivos. Ao menos, foi o que nos contou Nicolas Cougot, redator-chefe do Lucarne Oppose\u00e9, jornal esportivo franc\u00eas especializado na cobertura global do futebol.\n<\/p>\n<p>Nicolas \u00e9 torcedor fan\u00e1tico do Girondins de Bordeaux e acompanha como ningu\u00e9m todo o entorno do clube. Assim sendo, tinha muito a falar sobre Admar quando perguntado por nossa reportagem.\n<\/p>\n<p>\u201cBoa sorte, amigos. Provavelmente o pior diretor que j\u00e1 tivemos\u201d\n<\/p>\n<p>Assim Nicolas abriu a conversa conosco, com esse aviso impactante sobre a impress\u00e3o que \u00e9 deixada por Admar na Fran\u00e7a.\n<\/p>\n<p>\u201cEle chegou com Gerard Lopez (presidente) em 2021. Era esperado que fosse assumir um cargo na parte de scout, onde ele tinha experi\u00eancia, mas acabou sendo nomeado diretor esportivo, encarregado de contrata\u00e7\u00f5es.\u201d\n<\/p>\n<p>\u201cEle tomava conta de tudo que dizia respeito \u00e0 gest\u00e3o do time\u201d\n<\/p>\n<p>Segundo conta Nicolas, Admar tinha controle total sobre o futebol do clube franc\u00eas. Assim sendo, tinha carta branca para tomar decis\u00f5es relevantes no andamento do futebol do Bordeaux.\n<\/p>\n<p>Isso exclama, pois os resultados obtidos esportivamente pelo Bordeaux n\u00e3o foram os melhores nas temporadas em que Admar esteve \u00e0 frente do departamento de futebol.\n<\/p>\n<p>\u2022\tTemporada 2021\/22: 20 derrotas em 40 jogos, rebaixado na lanterna da primeira divis\u00e3o do Campeonato Franc\u00eas, com apenas 31 pontos em 38 jogos.\n<\/p>\n<p>\u2022\tTemporada 2022\/23: Terceiro colocado da segunda divis\u00e3o francesa com 69 pontos em 38 jogos. Ficou a uma posi\u00e7\u00e3o do acesso nacional.\n<\/p>\n<p>\u2022\tTemporada 2023\/24: D\u00e9cimo segundo colocado da segunda divis\u00e3o francesa, com 50 pontos em 38 jogos. Bem distante de chances de acesso e chegou a flertar com queda. Ao fim da temporada, clube faliu e foi rebaixado \u00e0 quarta divis\u00e3o.\n<\/p>\n<p>\u2022\tTemporada 2024\/25: Time foi quinto colocado do grupo B da divis\u00e3o, com 48 pontos em 30 jogos.\n<\/p>\n<p>H\u00e1 quem argumente e diga: Admar n\u00e3o tem culpa. O clube faliu e ele fez o que p\u00f4de. Nicolas discorda.\n<\/p>\n<p>\u201cEm tr\u00eas anos, 34 jogadores foram contratados. A grande maioria foram fracassos. Tiveram alguns poucos sucessos como Gregersen, que hoje est\u00e1 na MLS ou Davitashvili, que foi bem na \u00faltima temporada e est\u00e1 no Saint Etienne hoje.\u201d\n<\/p>\n<p>\u201cClaro que quando voc\u00ea contrata jogadores, voc\u00ea n\u00e3o vai dar sorte com todos mas nesse caso, se fizer um apanhado geral, s\u00e3o muito mais fracassos que acertos.\u201d\n<\/p>\n<p>A insatisfa\u00e7\u00e3o de Nicolas vai muito al\u00e9m ao superficial \u2013 de analisar contrata\u00e7\u00f5es. Segundo ele, a culpa de Admar no insucesso do time tem a ver com outros fatores relevantes.\n<\/p>\n<p>\u201cEle era parte de uma diretoria que, quando as coisas estavam complicadas, fugia da responsabilidade e jogava a culpa nos jogadores. Isso acabou gerando frituras contra jogadores quando essa diretoria queria se desfazer deles.\u201d\n<\/p>\n<p>Um dos problemas dessa diretoria da qual Admar fazia parte \u00e9 algo comum ao momento recente do Vasco: a m\u00e1 gest\u00e3o p\u00fablica de grupo.\n<\/p>\n<p>\u201cEm tr\u00eas anos, tivemos uma boa quantidade de jogadores \u2018jogados fora\u2019, at\u00e9 mesmo criticados publicamente em entrevistas e que acabaram indo embora.\u201d\n<\/p>\n<p>N\u00e3o s\u00f3 pelas suas atitudes, Admar foi alvo de cr\u00edticas de Nicolas. Al\u00e9m disso, outro ponto que gerou fortes coment\u00e1rios do jornalista foi a quest\u00e3o econ\u00f4mica gerada pela presen\u00e7a de Admar no Bordeaux.\n<\/p>\n<p>\u201cEnquanto o clube vivia (e vive) problemas financeiros graves, ele se tornou um milion\u00e1rio gra\u00e7as ao Girondins de Bordeaux. Ele recebia, em 2021\/22, um sal\u00e1rio anual de 420 mil euros anuais, al\u00e9m de um b\u00f4nus de 220 mil euros pelas boas-vindas.\u201d\n<\/p>\n<p>Cabe lembrar, em 2021\/22, o Bordeaux foi rebaixado na lanterna do Campeonato Franc\u00eas. Uma vez rebaixado, \u00e9 de se esperar que haja um corte de gastos. Segundo Nicolas, esse corte n\u00e3o se aplicou a Admar, que teve at\u00e9 um ligeiro aumento dos seus vencimentos.\n<\/p>\n<p>\u201cFomos rebaixados para a segunda divis\u00e3o e, em 2022\/23 e 2023\/24, enquanto o clube jogava na segunda divis\u00e3o, o sal\u00e1rio anual dele era de 480 mil euros.\u201d\n<\/p>\n<p>Os resultados desse desgaste financeiro foram muito al\u00e9m de dentro do campo. O Bordeaux viveu e vive grave situa\u00e7\u00e3o financeira e isso refletiu na demiss\u00e3o em massa de v\u00e1rios funcion\u00e1rios do clube, segundo Nicolas.\n<\/p>\n<p>\u201cAo fim da temporada 2023\/24, o clube perdeu seu status profissional e 97 empregados foram demitidos. Admar \u00e9 um dos poucos que, assim como outros membros da diretoria, ficou mais rico \u00e0s custas de um clube que estava financeiramente drenado. Ele \u00e9, acima de tudo, um dos respons\u00e1veis por essa situa\u00e7\u00e3o.\u201d\n<\/p>\n<p>Sendo mais direto, Nicolas deu sua vis\u00e3o sobre Admar no que tangem \u00e0s compet\u00eancias de um diretor de futebol, se abstendo de toda a parte financeira e administrativa que assolaram e assolam o Bordeaux nesse momento.\n<\/p>\n<p>\u201cEu acho que ele \u00e9 incompetente, francamente.\u201d\n<\/p>\n<p><b>Supostos problemas de vida noturna<\/b>\n<\/p>\n<p>Para al\u00e9m de toda a problem\u00e1tica esportiva, Nicolas nos contou que h\u00e1 ainda um risco de problemas com vida noturna. Ele nos relatou epis\u00f3dio em que um rep\u00f3rter acusou Admar de estar ingerindo subst\u00e2ncias il\u00edcitas.\n<\/p>\n<p>\u201cAqui em Bord\u00e9us, existe um burburinho sobre as noites de Admar. Um comentarista franc\u00eas, Daniel Riolo, acusou ele de estar ingerindo coca\u00edna publicamente em boates da cidade. Houve uma acusa\u00e7\u00e3o criminal de Lopes contra ele.\u201d\n<\/p>\n<p>Perguntamos sobre qual a postura da diretoria do Bordeaux com o caso. Nicolas disse fato curioso.\n<\/p>\n<p>\u201cO engra\u00e7ado \u00e9 que isso foi dito em frente ao Gerard L\u00f3pez (presidente do clube). Ele n\u00e3o reagiu de forma alguma.\u201d\n<\/p>\n<p>Nicolas nos informou e confirmamos posteriormente que Admar retirou as acusa\u00e7\u00f5es criminais em fevereiro deste ano. Cabe contextualizar que Daniel Riolo j\u00e1 foi processado por Didier Deschamps, t\u00e9cnico da Sele\u00e7\u00e3o Francesa, Cristoph Galtier, ex-t\u00e9cnico do PSG e por Neymar.\n<\/p>\n<p>Nos tr\u00eas casos, Riolo falava de temas extracampo destes profissionais. No caso de Neymar, ele foi derrotado no caso, conforme reportado pelo site sports.fr.\n<\/p>\n<p>Admar Lopes ser\u00e1 apresentado oficialmente pelo Vasco nessa pr\u00f3xima quarta-feira (18), em coletiva de imprensa no Centro Metropolitano, no Rio de Janeiro. Ser\u00e3o suas primeiras palavras oficiais como profissional do Vasco da Gama.\n<\/p>\n<p>Fonte: Analisa Vasco<\/p>\n<\/div>\n<p><script async defer crossorigin=\"anonymous\" src=\"https:\/\/connect.facebook.net\/pt_BR\/sdk.js#xfbml=1&amp;version=v12.0&amp;appId=114327694422&amp;autoLogAppEvents=1\" nonce=\"4kp7RAsD\"><\/script><\/p>\n","protected":false},"excerpt":{"rendered":"<p>Setorista do Bordeaux faz balan\u00e7o da passagem de Admar Lopes pelo clube franc\u00eas J\u00e1 confirmado como diretor executivo do Vasco<\/p>\n","protected":false},"author":1,"featured_media":0,"comment_status":"","ping_status":"","sticky":false,"template":"","format":"standard","meta":{"colormag_page_container_layout":"default_layout","colormag_page_sidebar_layout":"default_layout","footnotes":""},"categories":[1],"tags":[],"class_list":["post-53516","post","type-post","status-publish","format-standard","hentry","category-sem-categoria"],"_links":{"self":[{"href":"https:\/\/euvivoaselecao.com.br\/index.php\/wp-json\/wp\/v2\/posts\/53516","targetHints":{"allow":["GET"]}}],"collection":[{"href":"https:\/\/euvivoaselecao.com.br\/index.php\/wp-json\/wp\/v2\/posts"}],"about":[{"href":"https:\/\/euvivoaselecao.com.br\/index.php\/wp-json\/wp\/v2\/types\/post"}],"author":[{"embeddable":true,"href":"https:\/\/euvivoaselecao.com.br\/index.php\/wp-json\/wp\/v2\/users\/1"}],"replies":[{"embeddable":true,"href":"https:\/\/euvivoaselecao.com.br\/index.php\/wp-json\/wp\/v2\/comments?post=53516"}],"version-history":[{"count":0,"href":"https:\/\/euvivoaselecao.com.br\/index.php\/wp-json\/wp\/v2\/posts\/53516\/revisions"}],"wp:attachment":[{"href":"https:\/\/euvivoaselecao.com.br\/index.php\/wp-json\/wp\/v2\/media?parent=53516"}],"wp:term":[{"taxonomy":"category","embeddable":true,"href":"https:\/\/euvivoaselecao.com.br\/index.php\/wp-json\/wp\/v2\/categories?post=53516"},{"taxonomy":"post_tag","embeddable":true,"href":"https:\/\/euvivoaselecao.com.br\/index.php\/wp-json\/wp\/v2\/tags?post=53516"}],"curies":[{"name":"wp","href":"https:\/\/api.w.org\/{rel}","templated":true}]}}