{"id":53555,"date":"2025-06-19T05:19:46","date_gmt":"2025-06-19T08:19:46","guid":{"rendered":"https:\/\/euvivoaselecao.com.br\/index.php\/2025\/06\/19\/agencia-minas-gerais-cemig-entrega-obra-que-vai-beneficiar-275-mil-clientes-em-cerca-de-40-cidades-do-leste-de-minas\/"},"modified":"2025-06-19T05:19:46","modified_gmt":"2025-06-19T08:19:46","slug":"agencia-minas-gerais-cemig-entrega-obra-que-vai-beneficiar-275-mil-clientes-em-cerca-de-40-cidades-do-leste-de-minas","status":"publish","type":"post","link":"https:\/\/euvivoaselecao.com.br\/index.php\/2025\/06\/19\/agencia-minas-gerais-cemig-entrega-obra-que-vai-beneficiar-275-mil-clientes-em-cerca-de-40-cidades-do-leste-de-minas\/","title":{"rendered":"Ag\u00eancia Minas Gerais | Cemig entrega obra que vai beneficiar 275 mil clientes em cerca de 40 cidades do Leste de Minas"},"content":{"rendered":"<p><\/p>\n<div>\n<p>A Companhia Energ\u00e9tica de Minas Gerais\u00a0(Cemig) concluiu as obras da Linha de Distribui\u00e7\u00e3o (LD) Carangola &#8211; Padre Fialho 138 quilovolts (kV), que garantir\u00e1 dupla alimenta\u00e7\u00e3o para o sistema el\u00e9trico de alta tens\u00e3o\u00a0que atende 13 cidades da \u00e1rea de concess\u00e3o da companhia, beneficiando cerca de 75 mil clientes. Al\u00e9m dessas cidades, o munic\u00edpio de Manhua\u00e7u, atendido por outra distribuidora, tamb\u00e9m ser\u00e1 impactado positivamente por estar conectada no Sistema Interligado Nacional (SIN).<\/p>\n<p>Outros 200 mil clientes de 25 cidades da regi\u00e3o tamb\u00e9m ser\u00e3o beneficiados pela entrada em opera\u00e7\u00e3o do empreendimento, j\u00e1 que a nova linha de distribui\u00e7\u00e3o vai aliviar a demanda de cargas do eixo entre as subesta\u00e7\u00f5es Ipatinga 1 e Caratinga 1. O investimento para atender as regi\u00f5es \u00e9 de cerca de\u00a0\u00a0R$ 65 milh\u00f5es.<\/p>\n<p>\u201cCom a nova Linha de Distribui\u00e7\u00e3o Carangola &#8211; Padre Fialho, a energia na regi\u00e3o ser\u00e1 mais est\u00e1vel e confi\u00e1vel, uma vez que o sistema de alta tens\u00e3o se torna ainda mais robusto ao ser conectado a mais uma fonte do sistema de transmiss\u00e3o, que \u00e9 a subesta\u00e7\u00e3o Padre Fialho, mais pr\u00f3xima das cidades atendidas\u201d,\u00a0explica o gerente de Alta Tens\u00e3o da Regional Leste da Cemig, Fernando Sebasti\u00e3o.<\/p>\n<p>\u201cEssa melhoria reduzir\u00e1 o n\u00famero de comuta\u00e7\u00f5es dos Reguladores de Tens\u00e3o (RTs) do sistema el\u00e9trico da regi\u00e3o. Al\u00e9m disso, haver\u00e1 menor necessidade de opera\u00e7\u00e3o dos bancos de capacitores de 138 kV, que armazenam energia, para controle de tens\u00e3o, tornando o sistema mais eficiente\u201d, informa o gerente.<\/p>\n<p><strong>Outros investimentos<\/strong><\/p>\n<p>Al\u00e9m da nova LD, a Cemig fez outro investimento importante na regi\u00e3o. No segundo semestre do ano passado, a companhia concluiu a constru\u00e7\u00e3o da Linha de Distribui\u00e7\u00e3o Jequeri \u2013 Padre Fialho 138 KV, na regi\u00e3o da Zona da Mata mineira.<\/p>\n<p>Ao todo, a empresa investiu R$ 81 milh\u00f5es no empreendimento, que proporcionou mais confiabilidade, resili\u00eancia e qualidade do servi\u00e7o para 29 cidades, al\u00e9m de melhorar a condi\u00e7\u00e3o de atendimento de 14 subesta\u00e7\u00f5es da companhia. Essa obra beneficiou diretamente mais de meio milh\u00e3o de pessoas.<\/p>\n<p>Foram constru\u00eddos 84 quil\u00f4metros de linhas de distribui\u00e7\u00e3o, sendo 45 quil\u00f4metros\u00a0da LD Jequeri \u2013 Vi\u00e7osa 138 kV e 39 quil\u00f4metros da nova LD Jequeri \u2013 Padre Fialho 138 kV. Al\u00e9m disso, tamb\u00e9m foi constru\u00edda a subesta\u00e7\u00e3o Jequeri para dar mais confiabilidade e estabilidade \u00e0 rede el\u00e9trica da regi\u00e3o. Entre os munic\u00edpios beneficiados pelos empreendimentos est\u00e3o Mariana, Ponte Nova, Vi\u00e7osa, Ouro Preto, Abre Campo e mais 23 cidades do entorno, beneficiando mais de meio milh\u00e3o de pessoas.<\/p>\n<p><strong>Maior investimento da hist\u00f3ria da Cemig<\/strong><\/p>\n<p>A Cemig est\u00e1 realizando o maior investimento da hist\u00f3ria com cerca de R$ 59 bilh\u00f5es no ciclo 2019-2029 e impactando os 774 munic\u00edpios dentro da \u00e1rea de concess\u00e3o. Desses, R$ 33 bilh\u00f5es destinados \u00e0 distribui\u00e7\u00e3o, para ampliar a oferta e melhorar ainda mais a qualidade da energia que chega para os mineiros.<\/p>\n<p>Neste per\u00edodo, a empresa vai construir 200 novas subesta\u00e7\u00f5es e converter\u00e1 30 mil quil\u00f4metros de redes monof\u00e1sicas em trif\u00e1sicas, beneficiando o agroneg\u00f3cio do estado.<\/p>\n<\/p><\/div>\n","protected":false},"excerpt":{"rendered":"<p>A Companhia Energ\u00e9tica de Minas Gerais\u00a0(Cemig) concluiu as obras da Linha de Distribui\u00e7\u00e3o (LD) Carangola &#8211; Padre Fialho 138 quilovolts<\/p>\n","protected":false},"author":1,"featured_media":0,"comment_status":"","ping_status":"","sticky":false,"template":"","format":"standard","meta":{"colormag_page_container_layout":"default_layout","colormag_page_sidebar_layout":"default_layout","footnotes":""},"categories":[1],"tags":[],"class_list":["post-53555","post","type-post","status-publish","format-standard","hentry","category-sem-categoria"],"_links":{"self":[{"href":"https:\/\/euvivoaselecao.com.br\/index.php\/wp-json\/wp\/v2\/posts\/53555","targetHints":{"allow":["GET"]}}],"collection":[{"href":"https:\/\/euvivoaselecao.com.br\/index.php\/wp-json\/wp\/v2\/posts"}],"about":[{"href":"https:\/\/euvivoaselecao.com.br\/index.php\/wp-json\/wp\/v2\/types\/post"}],"author":[{"embeddable":true,"href":"https:\/\/euvivoaselecao.com.br\/index.php\/wp-json\/wp\/v2\/users\/1"}],"replies":[{"embeddable":true,"href":"https:\/\/euvivoaselecao.com.br\/index.php\/wp-json\/wp\/v2\/comments?post=53555"}],"version-history":[{"count":0,"href":"https:\/\/euvivoaselecao.com.br\/index.php\/wp-json\/wp\/v2\/posts\/53555\/revisions"}],"wp:attachment":[{"href":"https:\/\/euvivoaselecao.com.br\/index.php\/wp-json\/wp\/v2\/media?parent=53555"}],"wp:term":[{"taxonomy":"category","embeddable":true,"href":"https:\/\/euvivoaselecao.com.br\/index.php\/wp-json\/wp\/v2\/categories?post=53555"},{"taxonomy":"post_tag","embeddable":true,"href":"https:\/\/euvivoaselecao.com.br\/index.php\/wp-json\/wp\/v2\/tags?post=53555"}],"curies":[{"name":"wp","href":"https:\/\/api.w.org\/{rel}","templated":true}]}}