{"id":53584,"date":"2025-06-19T10:55:36","date_gmt":"2025-06-19T13:55:36","guid":{"rendered":"https:\/\/euvivoaselecao.com.br\/index.php\/2025\/06\/19\/agencia-minas-gerais-governo-de-minas-publica-edital-para-construcao-de-ponte-sobre-o-rio-paraopeba\/"},"modified":"2025-06-19T10:55:36","modified_gmt":"2025-06-19T13:55:36","slug":"agencia-minas-gerais-governo-de-minas-publica-edital-para-construcao-de-ponte-sobre-o-rio-paraopeba","status":"publish","type":"post","link":"https:\/\/euvivoaselecao.com.br\/index.php\/2025\/06\/19\/agencia-minas-gerais-governo-de-minas-publica-edital-para-construcao-de-ponte-sobre-o-rio-paraopeba\/","title":{"rendered":"Ag\u00eancia Minas Gerais | Governo de Minas publica edital para constru\u00e7\u00e3o de ponte sobre o rio Paraopeba"},"content":{"rendered":"<p><\/p>\n<div>\n<p>O Governo de Minas, por meio do Departamento de Estradas de Rodagem de Minas Gerais (DER-MG), publicou, no Di\u00e1rio Oficial de Minas Gerais, nesta quinta-feira (19\/6), o edital de licita\u00e7\u00e3o para a constru\u00e7\u00e3o de uma ponte sobre o rio Paraopeba e de variante na rodovia municipal, que liga as cidades de Inha\u00fama e Papagaios, na regi\u00e3o Central de Minas.<\/p>\n<p>A obra est\u00e1 or\u00e7ada em cerca de R$ 22 milh\u00f5es e faz parte do conjunto de interven\u00e7\u00f5es previstas no Programa de Repara\u00e7\u00e3o Socioecon\u00f4mica da Bacia do Paraopeba. A abertura da sess\u00e3o p\u00fablica est\u00e1 agendada para o dia 30\/7, \u00e0s 9h30, por meio do www.portaldecompras.mg.gov.br.<\/p>\n<p>A estrutura da\u00a0ponte e a variante t\u00eam uma extens\u00e3o de 1.355 metros, com 160,9 metros de comprimento por 10,5 metros de largura\u00a0na travessia sobre o rio Paraopeba.\u00a0A interven\u00e7\u00e3o ainda conta com uma passagem de pedestre unilateral de 1,50 metros.<\/p>\n<p>A obra comp\u00f5e o conjunto de sete obras rodovi\u00e1rias regionais previstas para a regi\u00e3o atingida. O prazo de execu\u00e7\u00e3o \u00e9 de 12 meses a partir da ordem de in\u00edcio das obras.<\/p>\n<p>\u201cEssa \u00e9 uma obra solicitada durante muitos anos pela popula\u00e7\u00e3o da regi\u00e3o e, assim que tivermos a empresa vencedora para construir a ponte, o Governo de Minas, por meio do Departamento, dar\u00e1 a ordem de in\u00edcio para a execu\u00e7\u00e3o das obras. A verba j\u00e1 est\u00e1 garantida e em breve o ir e vir dos mineiros da regi\u00e3o v\u00e3o ter viagens mais seguras e r\u00e1pidas\u201d, ressalta o diretor-geral do DER-MG, Rodrigo Tavares.<\/p>\n<p>A secret\u00e1ria de Estado de Planejamento e Gest\u00e3o, Silvia Listgarten, refor\u00e7a que o Acordo de Repara\u00e7\u00e3o busca transformar a trag\u00e9dia do rompimento em um legado de desenvolvimento para a popula\u00e7\u00e3o atingida.\u00a0<\/p>\n<p>\u201cA publica\u00e7\u00e3o do edital \u00e9 um passo importante nessa dire\u00e7\u00e3o. A obra atende a uma demanda hist\u00f3rica e \u00e9 a \u00faltima das seis obras rodovi\u00e1rias regionais inicialmente definidas na Consulta Popular de 2021 a avan\u00e7ar para a fase de edital. Essa entrega s\u00f3 est\u00e1 sendo poss\u00edvel gra\u00e7as ao esfor\u00e7o das prefeituras atingidas e ao compromisso do Governo de Minas e das Institui\u00e7\u00f5es de Justi\u00e7a em direcionar ainda mais recursos para a regi\u00e3o atingida\u201d, afirma.<\/p>\n<p><strong>Obras rodovi\u00e1rias da Bacia<\/strong><br \/>&#13;<br \/>\nAs sete obras rodovi\u00e1rias da Bacia do Paraopeba est\u00e3o sendo executadas com recursos do Acordo de Repara\u00e7\u00e3o. Seis delas foram definidas ap\u00f3s a Consulta Popular realizada na regi\u00e3o atingida (veja os trechos abaixo). A s\u00e9tima obra foi anunciada em agosto deste ano e trata-se da duplica\u00e7\u00e3o da estrada que liga Brumadinho \u00e0 BR-381 (Fern\u00e3o Dias), em Betim. O custo estimado para todas as obras \u00e9 de R$ 800 milh\u00f5es.<\/p>\n<p>Cinco das\u00a0sete obras est\u00e3o em execu\u00e7\u00e3o, sendo duas j\u00e1 conclu\u00eddas:<\/p>\n<ul>&#13;<\/p>\n<li>Melhoramento e pavimenta\u00e7\u00e3o do trecho Esmeraldas \u2013 S\u00e3o Jos\u00e9 da Varginha, na Rodovia MG- 060: iniciado em agosto de 2022 e conclu\u00eddo em outubro de 2024;<\/li>\n<p>&#13;<\/p>\n<li>Melhoramento e pavimenta\u00e7\u00e3o do trecho Papagaios \u2013 Pomp\u00e9u na Rodovia MG-060: obra conclu\u00edda em mar\u00e7o de 2025;<\/li>\n<p>&#13;<\/p>\n<li>Asfaltamento da MG 415 at\u00e9 a 040 (Morada Nova de Minas): iniciado em outubro de 2023;<\/li>\n<p>&#13;<\/p>\n<li>Pavimenta\u00e7\u00e3o do trecho Abaet\u00e9 &#8211; Porto S\u00e3o Vicente (LMG-762): iniciado em julho de 2024;<\/li>\n<p>&#13;<\/p>\n<li>Pavimenta\u00e7\u00e3o da BR-040 at\u00e9 Distrito de S\u00e3o Jos\u00e9 do Buriti, em Felixl\u00e2ndia (AMG-930): iniciado em setembro de 2024;<\/li>\n<p>&#13;<\/p>\n<li>Ponte sobre o Rio Paraopeba em Papagaios: obra em licita\u00e7\u00e3o<\/li>\n<p>&#13;<\/p>\n<li>Estrada de liga\u00e7\u00e3o do Distrito Industrial de Brumadinho \u00e0 BR-381: obra ainda n\u00e3o iniciada, aguarda decis\u00e3o judicial autorizando o formato de execu\u00e7\u00e3o e financiamento proposto.<\/li>\n<p>&#13;\n<\/ul>\n<p><strong>Repara\u00e7\u00e3o socioecon\u00f4mica<\/strong><br \/>&#13;<br \/>\nA iniciativa foi viabilizada com recursos do Acordo Judicial de Repara\u00e7\u00e3o de Brumadinho, firmado entre o Governo de Minas, o Minist\u00e9rio P\u00fablico de Minas Gerais (MPMG), o Minist\u00e9rio P\u00fablico Federal (MPF),\u00a0a Defensoria P\u00fablica do Estado de Minas Gerais (DPMG) e a empresa Vale S.A, com media\u00e7\u00e3o do Tribunal de Justi\u00e7a de Minas Gerais (TJMG), ap\u00f3s o rompimento das barragens da Vale em Brumadinho.\u00a0<\/p>\n<p>As a\u00e7\u00f5es de repara\u00e7\u00e3o socioecon\u00f4mica abrangem Brumadinho e outros 25 munic\u00edpios da regi\u00e3o atingida pelo rompimento da barragem da Vale. Dentre elas, est\u00e3o as iniciativas para fortalecimento do servi\u00e7o p\u00fablico (Anexos I.3 e I.4 do Acordo Judicial), que contam com a\u00e7\u00f5es emergenciais, e as a\u00e7\u00f5es definidas na Consulta Popular voltada para as \u00e1reas de sa\u00fade, infraestrutura, agricultura, educa\u00e7\u00e3o, economia, esporte e lazer, entre outras.<br \/>&#13;<br \/>\nO rompimento em Brumadinho tirou a vida de 272 pessoas e gerou uma s\u00e9rie de impactos sociais, econ\u00f4micos e ambientais.<\/p>\n<\/p><\/div>\n","protected":false},"excerpt":{"rendered":"<p>O Governo de Minas, por meio do Departamento de Estradas de Rodagem de Minas Gerais (DER-MG), publicou, no Di\u00e1rio Oficial<\/p>\n","protected":false},"author":1,"featured_media":0,"comment_status":"","ping_status":"","sticky":false,"template":"","format":"standard","meta":{"colormag_page_container_layout":"default_layout","colormag_page_sidebar_layout":"default_layout","footnotes":""},"categories":[1],"tags":[],"class_list":["post-53584","post","type-post","status-publish","format-standard","hentry","category-sem-categoria"],"_links":{"self":[{"href":"https:\/\/euvivoaselecao.com.br\/index.php\/wp-json\/wp\/v2\/posts\/53584","targetHints":{"allow":["GET"]}}],"collection":[{"href":"https:\/\/euvivoaselecao.com.br\/index.php\/wp-json\/wp\/v2\/posts"}],"about":[{"href":"https:\/\/euvivoaselecao.com.br\/index.php\/wp-json\/wp\/v2\/types\/post"}],"author":[{"embeddable":true,"href":"https:\/\/euvivoaselecao.com.br\/index.php\/wp-json\/wp\/v2\/users\/1"}],"replies":[{"embeddable":true,"href":"https:\/\/euvivoaselecao.com.br\/index.php\/wp-json\/wp\/v2\/comments?post=53584"}],"version-history":[{"count":0,"href":"https:\/\/euvivoaselecao.com.br\/index.php\/wp-json\/wp\/v2\/posts\/53584\/revisions"}],"wp:attachment":[{"href":"https:\/\/euvivoaselecao.com.br\/index.php\/wp-json\/wp\/v2\/media?parent=53584"}],"wp:term":[{"taxonomy":"category","embeddable":true,"href":"https:\/\/euvivoaselecao.com.br\/index.php\/wp-json\/wp\/v2\/categories?post=53584"},{"taxonomy":"post_tag","embeddable":true,"href":"https:\/\/euvivoaselecao.com.br\/index.php\/wp-json\/wp\/v2\/tags?post=53584"}],"curies":[{"name":"wp","href":"https:\/\/api.w.org\/{rel}","templated":true}]}}