{"id":53589,"date":"2025-06-19T11:57:34","date_gmt":"2025-06-19T14:57:34","guid":{"rendered":"https:\/\/euvivoaselecao.com.br\/index.php\/2025\/06\/19\/agencia-minas-gerais-historia-de-escola-em-pocos-de-caldas-e-retratada-em-documentario-e-exposicao-fotografica\/"},"modified":"2025-06-19T11:57:34","modified_gmt":"2025-06-19T14:57:34","slug":"agencia-minas-gerais-historia-de-escola-em-pocos-de-caldas-e-retratada-em-documentario-e-exposicao-fotografica","status":"publish","type":"post","link":"https:\/\/euvivoaselecao.com.br\/index.php\/2025\/06\/19\/agencia-minas-gerais-historia-de-escola-em-pocos-de-caldas-e-retratada-em-documentario-e-exposicao-fotografica\/","title":{"rendered":"Ag\u00eancia Minas Gerais | Hist\u00f3ria de escola em Po\u00e7os de Caldas \u00e9 retratada em document\u00e1rio e exposi\u00e7\u00e3o fotogr\u00e1fica"},"content":{"rendered":"<p><\/p>\n<div>\n<p>Estudantes, professores, ex-alunos e moradores da comunidade escolar da Escola Estadual Doutor Jo\u00e3o Eug\u00eanio de Almeida, em Po\u00e7os de Caldas, no Sul de Minas, tiveram a oportunidade de reviver suas mem\u00f3rias na noite desta quarta-feira (18\/6), por meio de um document\u00e1rio e de uma exposi\u00e7\u00e3o fotogr\u00e1fica realizada no \u00e2mbito do Projeto Moradores Educa\u00e7\u00e3o, realizado pela Secretaria de Estado de Educa\u00e7\u00e3o (SEE), em parceria com o Minist\u00e9rio P\u00fablico de Minas Gerais (MPMG).<\/p>\n<p>Dona Manuela Maria da Silva, que est\u00e1 com 86 anos, servidora aposentada, \u00e9 uma das ex-funcion\u00e1rias da escola, que se emocionou com as mem\u00f3rias resgatadas no\u00a0Projeto Moradores Educa\u00e7\u00e3o.<br \/>&#13;<br \/>\n\u00a0<br \/>&#13;<br \/>\n\u201cTrabalhei por 30 anos na escola, cuidava da entrada dos alunos para que todos estivessem com uniforme. N\u00e3o deixava que eles ficassem fora da sala de aula. Era como uma m\u00e3e para os alunos. Foi um amor t\u00e3o grande durante todo tempo que trabalhei que os estudantes criaram um f\u00e3 clube para me homenagear \u201d , contou a servidora, que \u00e9 lembrada com muito carinho pela comunidade escolar e por sua contribui\u00e7\u00e3o \u00e0 educa\u00e7\u00e3o.\u00a0<\/p>\n<p>A a\u00e7\u00e3o de divulga\u00e7\u00e3o do Projeto Moradores Educa\u00e7\u00e3o em Po\u00e7os de Caldas foi realizada no mirante do bairro Jardim Santa Rita, e contou com a presen\u00e7a de representantes dos parceiros envolvidos: a SEE\/MG e o MPMG<\/p>\n<p>\u201cMais do que um projeto cinematogr\u00e1fico, o Moradores \u00e9 uma iniciativa muito importante para nossa rede, pois envolve docentes, estudantes e familiares, fazendo com que todos se sintam parte da escola\u201d, destacou a chefe de gabinete da SEE\/MG, Ana Costa Rego.\u00a0<\/p>\n<p><strong>Mem\u00f3rias<\/strong><br \/>&#13;<br \/>\nO principal objetivo do Projeto Moradores Educa\u00e7\u00e3o \u00e9 resgatar a hist\u00f3ria das escolas estaduais de Minas Gerais, a partir de relatos dos pr\u00f3prios membros da comunidade escolar, fortalecendo o sentimento de pertencimento e a valoriza\u00e7\u00e3o da identidade cultural local. \u201cQuando voc\u00ea se sente parte, voc\u00ea cuida. Ao trazer essas lembran\u00e7as e mem\u00f3rias, voc\u00ea se sente respons\u00e1vel por aquele bem t\u00e3o importante para a comunidade, que \u00e9 a escola\u201d, complementou Ana.<\/p>\n<p>A produ\u00e7\u00e3o do document\u00e1rio e da exposi\u00e7\u00e3o contou com depoimentos de mais de 100 estudantes, ex-alunos, professores, funcion\u00e1rios e outros membros da comunidade pr\u00f3xima \u00e0\u00a0Escola Estadual Doutor Jo\u00e3o Eug\u00eanio de Almeida.<\/p>\n<p>&#13;<br \/>\n<strong>Programa\u00e7\u00e3o do evento<\/strong><br \/>&#13;<br \/>\nA programa\u00e7\u00e3o incluiu a exibi\u00e7\u00e3o do document\u00e1rio, visita guiada \u00e0 exposi\u00e7\u00e3o fotogr\u00e1fica instalada no Mirante Santa Rita e apresenta\u00e7\u00f5es culturais, como a da Congada Nossa Senhora do Carmo. Ao final do evento, todos os participantes receberam uma fotografia impressa e um \u00edma como lembran\u00e7a. As imagens tamb\u00e9m comp\u00f5em um \u201cvaral fotogr\u00e1fico\u201d, instalado na escola, que ficar\u00e1 aberto \u00e0 visita\u00e7\u00e3o p\u00fablica at\u00e9 o dia 26 de junho.<\/p>\n<p><b>Aprendizado<\/b><br \/>&#13;<br \/>\nA prepara\u00e7\u00e3o para a a\u00e7\u00e3o ocorreu em duas etapas. Na primeira, os estudantes participaram de uma oficina cultural promovida pelo Moradores Educa\u00e7\u00e3o, onde aprenderam t\u00e9cnicas de fotografia, filmagem, registro e documenta\u00e7\u00e3o de hist\u00f3rias. O resultado foi a produ\u00e7\u00e3o de conte\u00fados que comp\u00f5em a s\u00e9rie de tr\u00eas ensaios fotogr\u00e1ficos intitulada \u201cEscolas, Mem\u00f3rias e Pertencimento\u201d, publicada no Instagram do projeto: @projetomoradores.<\/p>\n<p>Na segunda etapa, foi montada uma tenda de escuta, na qual mais de 100 moradores compartilharam relatos marcados por afeto, carinho e mem\u00f3ria, revelando a import\u00e2ncia da escola em suas vidas.<\/p>\n<p>&#13;<br \/>\n<strong>Mem\u00f3ria preservada<\/strong><br \/>&#13;<br \/>\nO Moradores Educa\u00e7\u00e3o \u00e9 uma cria\u00e7\u00e3o da NITRO Hist\u00f3rias Visuais e integra o projeto \u201cMoradores \u2013 A Humanidade do Patrim\u00f4nio\u201d. A segunda etapa, que culminou na exibi\u00e7\u00e3o em Po\u00e7os de Caldas, foi realizada pelo Centro de Interc\u00e2mbio e Refer\u00eancia Cultural (CIRC), em parceria com a SEE\/MG, com apoio do MPMG e recursos de medidas compensat\u00f3rias, por meio da Plataforma Semente.<\/p>\n<p>&#13;<br \/>\nAp\u00f3s passar por Belo Horizonte, Juiz de Fora e Po\u00e7os de Caldas, a iniciativa seguir\u00e1 dando voz \u00e0s hist\u00f3rias das comunidades escolares nos munic\u00edpios de Uberaba, Governador Valadares, Janu\u00e1ria, S\u00e3o Jo\u00e3o das Miss\u00f5es e Te\u00f3filo Otoni.<\/p>\n<\/p><\/div>\n","protected":false},"excerpt":{"rendered":"<p>Estudantes, professores, ex-alunos e moradores da comunidade escolar da Escola Estadual Doutor Jo\u00e3o Eug\u00eanio de Almeida, em Po\u00e7os de Caldas,<\/p>\n","protected":false},"author":1,"featured_media":0,"comment_status":"","ping_status":"","sticky":false,"template":"","format":"standard","meta":{"colormag_page_container_layout":"default_layout","colormag_page_sidebar_layout":"default_layout","footnotes":""},"categories":[1],"tags":[],"class_list":["post-53589","post","type-post","status-publish","format-standard","hentry","category-sem-categoria"],"_links":{"self":[{"href":"https:\/\/euvivoaselecao.com.br\/index.php\/wp-json\/wp\/v2\/posts\/53589","targetHints":{"allow":["GET"]}}],"collection":[{"href":"https:\/\/euvivoaselecao.com.br\/index.php\/wp-json\/wp\/v2\/posts"}],"about":[{"href":"https:\/\/euvivoaselecao.com.br\/index.php\/wp-json\/wp\/v2\/types\/post"}],"author":[{"embeddable":true,"href":"https:\/\/euvivoaselecao.com.br\/index.php\/wp-json\/wp\/v2\/users\/1"}],"replies":[{"embeddable":true,"href":"https:\/\/euvivoaselecao.com.br\/index.php\/wp-json\/wp\/v2\/comments?post=53589"}],"version-history":[{"count":0,"href":"https:\/\/euvivoaselecao.com.br\/index.php\/wp-json\/wp\/v2\/posts\/53589\/revisions"}],"wp:attachment":[{"href":"https:\/\/euvivoaselecao.com.br\/index.php\/wp-json\/wp\/v2\/media?parent=53589"}],"wp:term":[{"taxonomy":"category","embeddable":true,"href":"https:\/\/euvivoaselecao.com.br\/index.php\/wp-json\/wp\/v2\/categories?post=53589"},{"taxonomy":"post_tag","embeddable":true,"href":"https:\/\/euvivoaselecao.com.br\/index.php\/wp-json\/wp\/v2\/tags?post=53589"}],"curies":[{"name":"wp","href":"https:\/\/api.w.org\/{rel}","templated":true}]}}