{"id":53593,"date":"2025-06-19T12:40:56","date_gmt":"2025-06-19T15:40:56","guid":{"rendered":"https:\/\/euvivoaselecao.com.br\/index.php\/2025\/06\/19\/veja-os-jogadores-negociaveis-do-vasco\/"},"modified":"2025-06-19T12:40:56","modified_gmt":"2025-06-19T15:40:56","slug":"veja-os-jogadores-negociaveis-do-vasco","status":"publish","type":"post","link":"https:\/\/euvivoaselecao.com.br\/index.php\/2025\/06\/19\/veja-os-jogadores-negociaveis-do-vasco\/","title":{"rendered":"Veja os jogadores negoci\u00e1veis do Vasco"},"content":{"rendered":"<p><\/p>\n<div>Admar Lopes foi apresentado nesta quarta-feira e deixou clara a necessidade de aliviar a folha de sal\u00e1rios do Vasco. Enquanto a dire\u00e7\u00e3o do clube mapeia o mercado para fazer contrata\u00e7\u00f5es e refor\u00e7ar o time para a sequ\u00eancia da temporada, h\u00e1 tamb\u00e9m o planejamento de negociar alguns jogadores para diminuir os gastos mensais.<\/p>\n<p>\u2014 Temos que aliviar a folha para poder contratar. Temos algo dentro do nosso bolso, das nossas possibilidades, que podemos trazer. Queremos refor\u00e7ar e acreditamos que traremos jogadores que possam ajudar na equipe \u2014 disse o novo diretor de futebol, em entrevista coletiva.\n<\/p>\n<p>Em conversas iniciais com Fernando Diniz, o diretor ouviu do t\u00e9cnico que ele n\u00e3o quer perder nenhum titular nesta janela de transfer\u00eancias. Enquanto trabalha nas renova\u00e7\u00f5es de Coutinho e L\u00e9o Jardim, o Vasco sabe que jogadores como Lucas Freitas, Lucas Piton e, principalmente, Rayan, t\u00eam mercado na Europa e despertam interesse de clubes pelo mundo.\n<\/p>\n<p>\u2014 O Mister Diniz pediu que os 11 jogadores, 12 mais utilizados, n\u00e3o exista negocia\u00e7\u00e3o nesta janela. A quest\u00e3o \u00e9 que o Vasco vive uma situa\u00e7\u00e3o financeira complexa e h\u00e1 propostas que n\u00e3o podem ser recusadas. Minha expectativa com a diretoria \u00e9 manter o Rayan, n\u00e3o negociar nesta janela, mas h\u00e1 um multa e se pagarem n\u00e3o podemos fazer nada. Eu acredito que o Rayan vai ficar at\u00e9 o fim do ano no Vasco, mas nada \u00e9 imposs\u00edvel no futebol.\n<\/p>\n<p>Antes da chegada de Admar Lopes, e at\u00e9 de Fernando Diniz, o Vasco j\u00e1 tratava alguns jogadores como negoci\u00e1veis e fora dos planos. Payet, Capasso e Souza rescindiram, enquanto Maxime foi emprestado.\n<\/p>\n<p>Os principais casos que seguem no elenco s\u00e3o o atacante Jean David e o volante Sforza. O ge lista outros jogadores negoci\u00e1veis e explica caso a caso.\n<\/p>\n<p><b>Sforza<\/b>\n<\/p>\n<p>O volante argentino foi contratado ap\u00f3s investimento alto dos cofres do Vasco, em uma negocia\u00e7\u00e3o que girou em torno de 5 milh\u00f5es de d\u00f3lares (R$ 24,8 milh\u00f5es na cota\u00e7\u00e3o da \u00e9poca). A concorr\u00eancia no setor aumentou bastante em 2025, com Hugo Moura, Tch\u00ea Tch\u00ea, Paulinho, Jair e Mateus Coc\u00e3o.\n<\/p>\n<p>Sforza \u00e9 visto como um jogador de potencial, e o Vasco sabe que ele tem mercado na Am\u00e9rica Latina, principalmente no futebol argentino, onde teve certo destaque. No in\u00edcio do ano, o clube tentou empresar o volante para algum clube, mas n\u00e3o houve neg\u00f3cio. Com Diniz, ele s\u00f3 foi utilizado no fim do jogo contra o Fluminense.\n<\/p>\n<p><b>Jean David<\/b>\n<\/p>\n<p>Desde o in\u00edcio de 2025, o Vasco tenta negociar Jean David, mas n\u00e3o consegue. O atacante tem mercado no M\u00e9xico e h\u00e1 algumas equipes interessadas no jogador. O clube tentou usar o chileno como moeda de troca em algumas negocia\u00e7\u00f5es na \u00faltima janela, mas n\u00e3o teve sucesso.\n<\/p>\n<p>Depois da chegada de Diniz, o atacante s\u00f3 foi relacionado em duas oportunidades e nunca entrou em campo com o t\u00e9cnico. Ele tamb\u00e9m n\u00e3o teve sucesso com F\u00e1bio Carille, que o utilizou em menos de 30 minutos na S\u00e9rie A e na Copa do Brasil nesta temporada.\n<\/p>\n<p><b>Lucas Oliveira<\/b>\n<\/p>\n<p>Contratado no in\u00edcio da temporada para disputar posi\u00e7\u00e3o no time titular, o zagueiro n\u00e3o aproveitou as oportunidades no Carioca e caiu de terceira para a quinta op\u00e7\u00e3o no setor. Lucas Oliveira est\u00e1 atr\u00e1s de Jo\u00e3o Victor, Lucas Freitas, Luiz Gustavo, Mauricio Lemos e at\u00e9 agora n\u00e3o foi utilizado em nenhuma partida do Brasileir\u00e3o.\n<\/p>\n<p>Com exce\u00e7\u00e3o dos cinco jogos que disputou no Carioca pelo Vasco, Oliveira s\u00f3 foi utilizado nos minutos finais das partidas contra Melgar e Puerto Cabello na Sul-Americana.\n<\/p>\n<p><b>Alex Teixeira<\/b>\n<\/p>\n<p>A diferen\u00e7a entre Souza e Alex Teixeira \u00e9 a de que o atacante foi mais \u00fatil do que o volante desde que ambos voltaram ao Vasco. Enquanto Souza havia feito apenas oito jogos, Alex j\u00e1 atuou em 26 jogos, mas n\u00e3o apresentou o futebol convincente no per\u00edodo.\n<\/p>\n<p>O jogador s\u00f3 teve uma partida com participa\u00e7\u00f5es em gols desde que chegou ao Vasco nesta terceira passagem \u2014 no jogo contra o Atl\u00e9tico-GO, na reta final do ano passado. \u00c9 improv\u00e1vel, neste momento, que o atleta receba uma proposta de transfer\u00eancias. O clube quer refor\u00e7ar o setor de ataque\n<\/p>\n<p>Jogadores em fim de contrato\n<\/p>\n<p><b>Puma Rodr\u00edguez<\/b>\n<\/p>\n<p>Puma Rodr\u00edguez tem contrato at\u00e9 o fim do ano, e a renova\u00e7\u00e3o n\u00e3o avan\u00e7ou pelo lado do jogador, que tem sido reserva no Vasco e deseja jogar com mais frequ\u00eancia, mirando a Copa do Mundo de 2026 pela sele\u00e7\u00e3o uruguaia. O novo diretor de futebol ter\u00e1 um papel importante na negocia\u00e7\u00e3o, em rela\u00e7\u00e3o a at\u00e9 onde o clube deve esticar a corda para manter o lateral no elenco.\n<\/p>\n<p>No in\u00edcio do ano, o Vasco recebeu sondagens pelo atleta e n\u00e3o quis negoci\u00e1-lo, visando a temporada com tr\u00eas competi\u00e7\u00f5es simult\u00e2neas. O clube n\u00e3o se oporia a vender o atleta em definitivo, mas tamb\u00e9m n\u00e3o tem tanto interesse em se desfazer do jogador neste momento.\n<\/p>\n<p><b>Jair<\/b>\n<\/p>\n<p>O Vasco tentou se desfazer do volante, mas tudo mudou no clube depois que Fernando Diniz chegou e pediu para Jair voltar a ser relacionado. O jogador tem um dos sal\u00e1rios mais altos do elenco e n\u00e3o \u00e9 titular neste momento.\n<\/p>\n<p>Com o contrato somente at\u00e9 o fim do ano, a perman\u00eancia ou n\u00e3o de Jair no Vasco depender\u00e1 das avalia\u00e7\u00f5es de Diniz e de Admar Lopes no pr\u00f3ximo m\u00eas. O volante recebeu sondagens em abril de outras equipes, mas pode assinar um pr\u00e9-contrato com outro clube a partir de julho.\n<\/p>\n<p>O<b>utros jogadores podem entrar na lista?<\/b>\n<\/p>\n<p>As avalia\u00e7\u00f5es de Admar Lopes e Fernando Diniz s\u00e3o de que o Vasco j\u00e1 tem um elenco, mas que precisa qualific\u00e1-lo na janela de transfer\u00eancias com jogadores que \u201ccheguem e ajudem de forma inequ\u00edvoca\u201d o time, como disse o novo diretor de futebol.\n<\/p>\n<p>Desta forma, o Vasco n\u00e3o trata nenhum jogador que n\u00e3o esteja entre os 11 jogadores titulares neste momento como indispens\u00e1vel. O clube tem interesse na perman\u00eancia de Paulinho, por exemplo, que tamb\u00e9m tem contrato apenas at\u00e9 o fim do ano.\n<\/p>\n<p>O Vasco entende que se receber propostas por jogadores reservas, que sejam interessantes ao clube financeiramente, o clube pode negociar para ganhar mais caixa. Com isso, pode contratar atletas que cheguem para o time titular.\n<\/p>\n<p>Fonte: ge<\/p>\n<\/div>\n<p><script async defer crossorigin=\"anonymous\" src=\"https:\/\/connect.facebook.net\/pt_BR\/sdk.js#xfbml=1&amp;version=v12.0&amp;appId=114327694422&amp;autoLogAppEvents=1\" nonce=\"4kp7RAsD\"><\/script><\/p>\n","protected":false},"excerpt":{"rendered":"<p>Admar Lopes foi apresentado nesta quarta-feira e deixou clara a necessidade de aliviar a folha de sal\u00e1rios do Vasco. Enquanto<\/p>\n","protected":false},"author":1,"featured_media":0,"comment_status":"","ping_status":"","sticky":false,"template":"","format":"standard","meta":{"colormag_page_container_layout":"default_layout","colormag_page_sidebar_layout":"default_layout","footnotes":""},"categories":[1],"tags":[],"class_list":["post-53593","post","type-post","status-publish","format-standard","hentry","category-sem-categoria"],"_links":{"self":[{"href":"https:\/\/euvivoaselecao.com.br\/index.php\/wp-json\/wp\/v2\/posts\/53593","targetHints":{"allow":["GET"]}}],"collection":[{"href":"https:\/\/euvivoaselecao.com.br\/index.php\/wp-json\/wp\/v2\/posts"}],"about":[{"href":"https:\/\/euvivoaselecao.com.br\/index.php\/wp-json\/wp\/v2\/types\/post"}],"author":[{"embeddable":true,"href":"https:\/\/euvivoaselecao.com.br\/index.php\/wp-json\/wp\/v2\/users\/1"}],"replies":[{"embeddable":true,"href":"https:\/\/euvivoaselecao.com.br\/index.php\/wp-json\/wp\/v2\/comments?post=53593"}],"version-history":[{"count":0,"href":"https:\/\/euvivoaselecao.com.br\/index.php\/wp-json\/wp\/v2\/posts\/53593\/revisions"}],"wp:attachment":[{"href":"https:\/\/euvivoaselecao.com.br\/index.php\/wp-json\/wp\/v2\/media?parent=53593"}],"wp:term":[{"taxonomy":"category","embeddable":true,"href":"https:\/\/euvivoaselecao.com.br\/index.php\/wp-json\/wp\/v2\/categories?post=53593"},{"taxonomy":"post_tag","embeddable":true,"href":"https:\/\/euvivoaselecao.com.br\/index.php\/wp-json\/wp\/v2\/tags?post=53593"}],"curies":[{"name":"wp","href":"https:\/\/api.w.org\/{rel}","templated":true}]}}