{"id":53603,"date":"2025-06-19T14:51:33","date_gmt":"2025-06-19T17:51:33","guid":{"rendered":"https:\/\/euvivoaselecao.com.br\/index.php\/2025\/06\/19\/abin-paralela-monitorou-por-engano-homonimo-de-moraes-diz-pf\/"},"modified":"2025-06-19T14:51:33","modified_gmt":"2025-06-19T17:51:33","slug":"abin-paralela-monitorou-por-engano-homonimo-de-moraes-diz-pf","status":"publish","type":"post","link":"https:\/\/euvivoaselecao.com.br\/index.php\/2025\/06\/19\/abin-paralela-monitorou-por-engano-homonimo-de-moraes-diz-pf\/","title":{"rendered":"Abin Paralela monitorou por engano hom\u00f4nimo de Moraes, diz PF"},"content":{"rendered":"<p><\/p>\n<div wp_automatic_readability=\"74.658978583196\">\n<p><strong>O esquema de espionagem ilegal na Ag\u00eancia Brasileira de Intelig\u00eancia (Abin) durante o governo de Jair Bolsonaro monitorou, por engano, um hom\u00f4nimo do ministro do Supremo Tribunal Federal (STF) Alexandre de Moraes.<\/strong><\/p>\n<p>A conclus\u00e3o consta no relat\u00f3rio final das investiga\u00e7\u00f5es do caso \u201cAbin Paralela\u201d, no qual a Pol\u00edcia Federal (PF) indiciou cerca de 30 investigados, entre eles, o filho do ex-presidente, Carlos Bolsonaro. O sigilo do documento foi retirado ontem (18) por Moraes, que \u00e9 relator da investiga\u00e7\u00e3o.<\/p>\n<p>Segundo a PF, Bolsonaro e Carlos fizeram parte uma organiza\u00e7\u00e3o criminosa para comandar a realiza\u00e7\u00e3o de a\u00e7\u00f5es de espionagem clandestina de opositores.<\/p>\n<p><strong>Tapetes de Corpus Christi do DF trazem mem\u00f3rias at\u00e9 al\u00e9m da f\u00e9<\/strong><\/p>\n<p><strong>Lula anunciar\u00e1 cr\u00e9dito para entregadores comprarem motos el\u00e9tricas<\/strong><\/p>\n<p>O ex-presidente n\u00e3o foi indiciado porque responde \u00e0s acusa\u00e7\u00f5es sobre o uso clandestino da Abin na a\u00e7\u00e3o penal da trama golpista, que tramita no STF.<\/p>\n<p>&gt;&gt; Siga o canal da <strong>Ag\u00eancia Brasil <\/strong>no WhatsApp<\/p>\n<h2>Erro<\/h2>\n<p><strong>De acordo com o relat\u00f3rio, o agente de intelig\u00eancia Thiago Gomes Quinalia fez tr\u00eas pesquisas pelo nome de Alexandre de Moraes Soares por meio do sistema de monitoramento Firstmile. A procura foi feita no dia 19 de maio de 2019<\/strong>.<\/p>\n<p>Na avalia\u00e7\u00e3o dos investigadores da PF, a busca por um hom\u00f4nimo do ministro foi um erro cometido pelo esquema.<\/p>\n<p><strong>Chefe da AIEA diz que n\u00e3o tem prova de armas nucleares do Ir\u00e3<\/strong><\/p>\n<p><strong>Geraldo Azevedo \u00e9 atra\u00e7\u00e3o da festa junina de Salvador nesta quinta<\/strong><\/p>\n<blockquote wp_automatic_readability=\"12\">\n<p>\u201cA utiliza\u00e7\u00e3o de sistemas ileg\u00edtimos de consulta, como demonstrado acima, resultava, por vezes, em n\u00fameros de terminais telef\u00f4nicos erroneamente associados a alvos. A pesquisa no sistema First Mile por hom\u00f4nimo \u00e9 erro pass\u00edvel de ter sido cometido\u201d, diz o relat\u00f3rio.<\/p>\n<\/blockquote>\n<p>De acordo com as investiga\u00e7\u00f5es, foram monitorados ilegalmente o ministro Alexandre de Moraes, os ex-deputados Jean Willys, Rodrigo Maia, Joyce Hasselmann, o ex-governador de S\u00e3o Paulo Jo\u00e3o D\u00f3ria e os jornalistas Leandro Demori e M\u00f4nica Bergamo.<\/p>\n<p><strong>Conforme o relat\u00f3rio, a \u00e9poca da pesquisa coincide com a abertura do inqu\u00e9rito das fake news no Supremo, que tem Moraes como relator e apura a difus\u00e3o de desinforma\u00e7\u00e3o durante o governo Bolsonaro.<\/strong><\/p>\n<blockquote wp_automatic_readability=\"12\">\n<p>\u201cO marco temporal da pesquisa \u00e9 compat\u00edvel com a instaura\u00e7\u00e3o do inqu\u00e9rito 4.781, em mar\u00e7o de 2019, pelo ent\u00e3o presidente do STF, Dias Toffoli. Em 14\/05\/2019, houve a disponibiliza\u00e7\u00e3o para julgamento de recurso para suspender a apura\u00e7\u00e3o\u201d, afirmam os investigadores.<\/p>\n<\/blockquote>\n<p>O agente respons\u00e1vel pela busca abandonou o cargo p\u00fablico, e n\u00e3o h\u00e1 informa\u00e7\u00f5es sobre o paradeiro dele. No ano passado, ele foi demitido do servi\u00e7o p\u00fablico.<\/p>\n<h2>Defesa<\/h2>\n<p>Ap\u00f3s as conclus\u00f5es da PF, Carlos Bolsonaro foi \u00e0s redes sociais e insinuou que o indiciamento tem motiva\u00e7\u00e3o pol\u00edtica.<\/p>\n<blockquote wp_automatic_readability=\"7\">\n<p>\u201cAlgu\u00e9m tinha alguma d\u00favida que a PF do Lula faria isso comigo? Justificativa? Creio que os senhores j\u00e1 sabem: elei\u00e7\u00f5es em 2026? Acho que n\u00e3o! \u00c9 s\u00f3 coincid\u00eancia!\u201d, declarou.<\/p>\n<\/blockquote>\n<\/div>\n","protected":false},"excerpt":{"rendered":"<p>O esquema de espionagem ilegal na Ag\u00eancia Brasileira de Intelig\u00eancia (Abin) durante o governo de Jair Bolsonaro monitorou, por engano,<\/p>\n","protected":false},"author":2,"featured_media":0,"comment_status":"","ping_status":"","sticky":false,"template":"","format":"standard","meta":{"colormag_page_container_layout":"default_layout","colormag_page_sidebar_layout":"default_layout","footnotes":""},"categories":[],"tags":[],"class_list":["post-53603","post","type-post","status-publish","format-standard","hentry"],"_links":{"self":[{"href":"https:\/\/euvivoaselecao.com.br\/index.php\/wp-json\/wp\/v2\/posts\/53603","targetHints":{"allow":["GET"]}}],"collection":[{"href":"https:\/\/euvivoaselecao.com.br\/index.php\/wp-json\/wp\/v2\/posts"}],"about":[{"href":"https:\/\/euvivoaselecao.com.br\/index.php\/wp-json\/wp\/v2\/types\/post"}],"author":[{"embeddable":true,"href":"https:\/\/euvivoaselecao.com.br\/index.php\/wp-json\/wp\/v2\/users\/2"}],"replies":[{"embeddable":true,"href":"https:\/\/euvivoaselecao.com.br\/index.php\/wp-json\/wp\/v2\/comments?post=53603"}],"version-history":[{"count":0,"href":"https:\/\/euvivoaselecao.com.br\/index.php\/wp-json\/wp\/v2\/posts\/53603\/revisions"}],"wp:attachment":[{"href":"https:\/\/euvivoaselecao.com.br\/index.php\/wp-json\/wp\/v2\/media?parent=53603"}],"wp:term":[{"taxonomy":"category","embeddable":true,"href":"https:\/\/euvivoaselecao.com.br\/index.php\/wp-json\/wp\/v2\/categories?post=53603"},{"taxonomy":"post_tag","embeddable":true,"href":"https:\/\/euvivoaselecao.com.br\/index.php\/wp-json\/wp\/v2\/tags?post=53603"}],"curies":[{"name":"wp","href":"https:\/\/api.w.org\/{rel}","templated":true}]}}