{"id":53604,"date":"2025-06-19T14:52:38","date_gmt":"2025-06-19T17:52:38","guid":{"rendered":"https:\/\/euvivoaselecao.com.br\/index.php\/2025\/06\/19\/formatura-do-tiro-de-guerra-reforca-valores-patrioticos\/"},"modified":"2025-06-19T14:52:38","modified_gmt":"2025-06-19T17:52:38","slug":"formatura-do-tiro-de-guerra-reforca-valores-patrioticos","status":"publish","type":"post","link":"https:\/\/euvivoaselecao.com.br\/index.php\/2025\/06\/19\/formatura-do-tiro-de-guerra-reforca-valores-patrioticos\/","title":{"rendered":"Formatura do Tiro de Guerra refor\u00e7a valores patri\u00f3ticos"},"content":{"rendered":"<p><\/p>\n<div>\n<p><b>Lucas Brito<\/b><br \/>&#13;<br \/>\n&#13;<br \/>\n                <span style=\"font-weight: bold;\">Secretaria de Prote\u00e7\u00e3o ao Cidad\u00e3o<\/span><\/p>\n<p><span style=\"font-weight: 400;\">Na manh\u00e3 desta quinta-feira (19), feriado de Corpus Christi, cerca de 100 jovens participaram da solenidade de formatura no Tiro de Guerra de S\u00e3o Jos\u00e9 dos Campos. Foram entregues as tradicionais boinas verde-oliva aos atiradores e os bra\u00e7ais aos monitores, simbolizando o encerramento de uma etapa importante na trajet\u00f3ria militar.<\/span><\/p>\n<p><span style=\"font-weight: 400;\">A cerim\u00f4nia reuniu autoridades civis e militares, al\u00e9m de familiares e amigos dos formandos, que prestigiaram este momento especial.<\/span><\/p>\n<p><span style=\"font-weight: 400;\">A entrega da boina representa o compromisso com os valores do Ex\u00e9rcito Brasileiro, como disciplina, civismo e respeito, ap\u00f3s meses de treinamento intenso e dedica\u00e7\u00e3o. <\/span><\/p>\n<p><span style=\"font-weight: 400;\"><span class=\"intertitulo\">Nova fun\u00e7\u00e3o\u00a0<\/span><\/span><\/p>\n<p><span style=\"font-weight: 400;\">O evento tamb\u00e9m marcou a transi\u00e7\u00e3o dos atiradores aprovados no curso de forma\u00e7\u00e3o de cabos, que passam a ser reconhecidos como monitores. <\/span><\/p>\n<p><span style=\"font-weight: 400;\">A nova fun\u00e7\u00e3o \u00e9 identificada pelo uso do bra\u00e7al no bra\u00e7o direito e representa a confian\u00e7a da institui\u00e7\u00e3o em seus integrantes.<\/span><\/p>\n<p><span style=\"font-weight: 400;\">A capacita\u00e7\u00e3o qualifica os jovens para auxiliar nas atividades di\u00e1rias do Tiro de Guerra, atuando como comandantes de guarda, monitores de ordem unida e guias em treinamentos f\u00edsicos, entre outras fun\u00e7\u00f5es estrat\u00e9gicas dentro da estrutura militar local. <\/span><\/p>\n<p><span style=\"font-weight: 400;\"><span class=\"intertitulo\">Forma\u00e7\u00e3o cidad\u00e3<\/span><\/span><span style=\"font-weight: 400;\"\/><\/p>\n<p><span style=\"font-weight: 400;\">Durante o ato, os jovens desfilaram em posi\u00e7\u00e3o de destaque, demonstrando a prepara\u00e7\u00e3o adquirida.<\/span><\/p>\n<p><span style=\"font-weight: 400;\"> Os discursos refor\u00e7aram a relev\u00e2ncia do Tiro de Guerra na forma\u00e7\u00e3o cidad\u00e3 e no desenvolvimento de lideran\u00e7as comprometidas com a sociedade.<\/span><\/p>\n<p><span style=\"font-weight: 400;\">Ao final, os formandos foram recebidos com aplausos e emo\u00e7\u00e3o pelos familiares, celebrando uma conquista que marca o in\u00edcio de novas responsabilidades.<\/span><\/p>\n<p><span style=\"font-weight: 400;\"><span class=\"intertitulo\">Maior presente\u00a0<\/span><\/span><\/p>\n<p><span style=\"font-weight: 400;\">A ocasi\u00e3o foi ainda mais marcante para Maria de Jesus Alves de Souza que viu o filho, Davi, receber o bra\u00e7al de monitor no dia do seu anivers\u00e1rio.<\/span><\/p>\n<p><span style=\"font-weight: 400;\"> \u201cEstou completando 62 anos hoje. Meu filho \u00e9 meu maior presente, todos os dias. Fico muito orgulhosa e feliz por ele\u201d, disse Maria, comovida.<\/span><span style=\"font-weight: 400;\"\/><\/p>\n<p><span style=\"font-weight: 400;\">\u201c\u00c9 uma honra proporcionar uma alegria t\u00e3o grande para ela. Este sentimento ficar\u00e1 para sempre na nossa mem\u00f3ria. N\u00e3o ter\u00e1 outro igual\u201d, afirmou Davi, que tem 18 anos.<\/span><\/p>\n<p><span style=\"font-weight: 400;\"><br \/><sub><em>Maria veste o bra\u00e7al em seu filho Davi | Foto: Divulga\u00e7\u00e3o<\/em><\/sub><\/span><\/p>\n<p>&#13;<br \/>\n                        <strong>MAIS NOT\u00cdCIAS<\/strong><br \/>&#13;<br \/>\n                        Secretaria de Prote\u00e7\u00e3o ao Cidad\u00e3o&#13;\n                    <\/p>\n<\/p><\/div>\n","protected":false},"excerpt":{"rendered":"<p>Lucas Brito&#13; &#13; Secretaria de Prote\u00e7\u00e3o ao Cidad\u00e3o Na manh\u00e3 desta quinta-feira (19), feriado de Corpus Christi, cerca de 100<\/p>\n","protected":false},"author":1,"featured_media":0,"comment_status":"","ping_status":"","sticky":false,"template":"","format":"standard","meta":{"colormag_page_container_layout":"default_layout","colormag_page_sidebar_layout":"default_layout","footnotes":""},"categories":[1],"tags":[],"class_list":["post-53604","post","type-post","status-publish","format-standard","hentry","category-sem-categoria"],"_links":{"self":[{"href":"https:\/\/euvivoaselecao.com.br\/index.php\/wp-json\/wp\/v2\/posts\/53604","targetHints":{"allow":["GET"]}}],"collection":[{"href":"https:\/\/euvivoaselecao.com.br\/index.php\/wp-json\/wp\/v2\/posts"}],"about":[{"href":"https:\/\/euvivoaselecao.com.br\/index.php\/wp-json\/wp\/v2\/types\/post"}],"author":[{"embeddable":true,"href":"https:\/\/euvivoaselecao.com.br\/index.php\/wp-json\/wp\/v2\/users\/1"}],"replies":[{"embeddable":true,"href":"https:\/\/euvivoaselecao.com.br\/index.php\/wp-json\/wp\/v2\/comments?post=53604"}],"version-history":[{"count":0,"href":"https:\/\/euvivoaselecao.com.br\/index.php\/wp-json\/wp\/v2\/posts\/53604\/revisions"}],"wp:attachment":[{"href":"https:\/\/euvivoaselecao.com.br\/index.php\/wp-json\/wp\/v2\/media?parent=53604"}],"wp:term":[{"taxonomy":"category","embeddable":true,"href":"https:\/\/euvivoaselecao.com.br\/index.php\/wp-json\/wp\/v2\/categories?post=53604"},{"taxonomy":"post_tag","embeddable":true,"href":"https:\/\/euvivoaselecao.com.br\/index.php\/wp-json\/wp\/v2\/tags?post=53604"}],"curies":[{"name":"wp","href":"https:\/\/api.w.org\/{rel}","templated":true}]}}