{"id":53616,"date":"2025-06-19T20:11:52","date_gmt":"2025-06-19T23:11:52","guid":{"rendered":"https:\/\/euvivoaselecao.com.br\/index.php\/2025\/06\/19\/palmeiras-bate-al-ahly-e-vira-lider-provisorio-no-grupo-a-do-mundial\/"},"modified":"2025-06-19T20:11:52","modified_gmt":"2025-06-19T23:11:52","slug":"palmeiras-bate-al-ahly-e-vira-lider-provisorio-no-grupo-a-do-mundial","status":"publish","type":"post","link":"https:\/\/euvivoaselecao.com.br\/index.php\/2025\/06\/19\/palmeiras-bate-al-ahly-e-vira-lider-provisorio-no-grupo-a-do-mundial\/","title":{"rendered":"Palmeiras bate Al Ahly e vira l\u00edder provis\u00f3rio no Grupo A do Mundial"},"content":{"rendered":"<p><\/p>\n<div wp_automatic_readability=\"73.8\">\n<p>O Palmeiras ficou mais pr\u00f3ximo da classifica\u00e7\u00e3o \u00e0s oitavas de final do Mundial de Clubes da Fifa nesta quinta-feira (19) ao garantir sua primeira vit\u00f3ria na competi\u00e7\u00e3o pelo placar de 2 a 0, no MetLife Stadium, em Nova Jersey (Estados Unidos). Os gols sa\u00edram no segundo tempo. O primeiro foi contra, em desvio de cabe\u00e7a de Abou Ali, ap\u00f3s falta cobrada por An\u00edbal Moreno para dentro da \u00e1rea. Dez minutos depois, brilhou a estrela do argentino Flaco L\u00f3pez, que entrara na partida no in\u00edcio do segundo tempo. Ap\u00f3s passe primoroso de Maur\u00edcio, L\u00f3pez ampliou para o Palmeiras com um chute certeiro para o fundo da rede.<\/p>\n<p>Na sequ\u00eancia, aos 17 minutos, a partida foi paralisada devido \u00e0 aproxima\u00e7\u00e3o de uma tempestade com raios. O jogo ficou interrompido por 45 minutos e o Verd\u00e3o manteve o placar at\u00e9 o apito final.<\/p>\n<blockquote class=\"twitter-tweet\" wp_automatic_readability=\"4.9516728624535\">\n<p dir=\"ltr\" lang=\"pt\" xml:lang=\"pt\">Ele guarda: Flaco L\u00f3pez vira artilheiro do <a href=\"https:\/\/twitter.com\/Palmeiras?ref_src=twsrc%5Etfw\" target=\"_blank\" rel=\"noopener\">@Palmeiras<\/a> no ano! \u26bd<a href=\"https:\/\/twitter.com\/hashtag\/FIFACWC?src=hash&amp;ref_src=twsrc%5Etfw\" target=\"_blank\" rel=\"noopener\">#FIFACWC<\/a><\/p>\n<p><strong>SP: Torcedores acompanham o Campeonato Feminino no Museu do Futebol<\/strong><\/p>\n<p><strong>Time da base do SP comemora conquista no Campeonato Feminino<\/strong><\/p>\n<p>\u2014 Mundial de Clubes da FIFA \ud83c\udfc6 (@fifaworldcup_pt) <a href=\"https:\/\/twitter.com\/fifaworldcup_pt\/status\/1935792241370620172?ref_src=twsrc%5Etfw\" target=\"_blank\" rel=\"noopener\">June 19, 2025<\/a><\/p>\n<\/blockquote>\n<p>No primeiro tempo, sob forte calor de meio-dia (hor\u00e1rio de Nova Jersey), foram poucas as chances de gol. A principal delas foi do Palmeiras, com Est\u00eav\u00e3o, que por um triz n\u00e3o abre o placar para o Verd\u00e3o aos 17 minutos. O jovem atacante se livrou da marca\u00e7\u00e3o, alcan\u00e7ou a grande \u00e1rea e chutou com perigo no contrap\u00e9 do goleiro El Shenawy. A bola raspou a trave advers\u00e1ria. Depois, aos 36 minutos, para desespero da torcida alviverde, o meio-campista Rafael Veiga foi expulso ap\u00f3s cometer falta em Tr\u00e9z\u00e9guet. No entanto, houve revis\u00e3o do lance pelo \u00e1rbitro de video (VAR), e o \u00e1rbitro de campo\u00a0voltou atr\u00e1s na decis\u00e3o e anotou apenas cart\u00e3o amarelo para Veiga.<\/p>\n<p>&gt;&gt; Siga o perfil da <strong>Ag\u00eancia Brasil <\/strong>no Facebook\u00a0<\/p>\n<p>Prestes a se apresentar ao Chelsea (Inglaterra), clube onde jogar\u00e1 ap\u00f3s o t\u00e9rmino do Mundial de Clubes, o atacante Est\u00eav\u00e3o, de 18 anos, foi eleito pela segunda vez \u2013 a primeira foi na estreia do Palmeiras contra o Porto (1 a 1) \u2013 o melhor jogador da partida.\u00a0<\/p>\n<p><strong>Bragantino garante \u00faltima vaga nas quartas do Brasileir\u00e3o Feminino<\/strong><\/p>\n<p><strong>V\u00f4lei: sele\u00e7\u00e3o feminina bate B\u00e9lgica na 2\u00aa semana da Liga das Na\u00e7\u00f5es<\/strong><\/p>\n<blockquote class=\"twitter-tweet\" wp_automatic_readability=\"6.6875\">\n<p dir=\"ltr\" lang=\"pt\" xml:lang=\"pt\">Mais um para Est\u00eav\u00e3o! \ud83d\udc4f<a href=\"https:\/\/twitter.com\/hashtag\/FIFACWC?src=hash&amp;ref_src=twsrc%5Etfw\" target=\"_blank\" rel=\"noopener\">#FIFACWC<\/a> https:\/\/t.co\/N1OrKNUIlG<\/p>\n<p>\u2014 Mundial de Clubes da FIFA \ud83c\udfc6 (@fifaworldcup_pt) <a href=\"https:\/\/twitter.com\/fifaworldcup_pt\/status\/1935789020472393859?ref_src=twsrc%5Etfw\" target=\"_blank\" rel=\"noopener\">June 19, 2025<\/a><\/p>\n<\/blockquote>\n<p>O t\u00e9cnico do Verd\u00e3o Abel Ferreira n\u00e3o escondeu sua\u00a0satisfa\u00e7\u00e3o com o desempenho da equipe, ao analisar a partida em entrevista logo ap\u00f3s a vit\u00f3ria.<\/p>\n<blockquote wp_automatic_readability=\"19\">\n<p>\u201cJogo dif\u00edcil, \u00e9 preciso saber com quem estamos a jogar: \u00e9 s\u00f3 a equipe mais da \u00c1frica, \u00e9 uma equipe com a qual j\u00e1 jogamos tr\u00eas vezes em Mundiais, est\u00e1 habituada a este tipo de competi\u00e7\u00f5es tamb\u00e9m. O contexto de jogo n\u00e3o era f\u00e1cil para as duas equipes, estava muito calor. Achei que entramos um pouquinho ansiosos tamb\u00e9m, depois tivemos que parar o jogo ap\u00f3s fazermos 2 a 0. Acho que \u00e9 uma vit\u00f3ria super justa, pod\u00edamos ter feito um ou mais dois gols, mas aceito o resultado. Agora vamos descansar e nos preparar para o pr\u00f3ximo\u201d, analisou o treinador, em entrevista \u00e0 DAZN, plataforma na internet que transmite gratuitamente\u00a0todos os jogos da competi\u00e7\u00e3o, ap\u00f3s acordo com a Fifa.<\/p>\n<\/blockquote>\n<p>O Palmeiras faz o \u00faltimo jogo da fase de grupos na pr\u00f3xima segunda-feira (23), \u00e0s 22h (hor\u00e1rio de Bras\u00edlia), contra o Inter Miami (EUA), onde joga o craque argentino Lionel Messi. A partida ser\u00e1 disputada no Hard Rock Stadium, em Miami. No mesmo hor\u00e1rio, o Porto encara o Al Ahly,\u00a0no MetLife Stadium, em Nova Jersey.<\/p>\n<\/div>\n<p><script async src=\"\/\/platform.twitter.com\/widgets.js\" charset=\"utf-8\"><\/script><\/p>\n","protected":false},"excerpt":{"rendered":"<p>O Palmeiras ficou mais pr\u00f3ximo da classifica\u00e7\u00e3o \u00e0s oitavas de final do Mundial de Clubes da Fifa nesta quinta-feira (19)<\/p>\n","protected":false},"author":2,"featured_media":0,"comment_status":"","ping_status":"","sticky":false,"template":"","format":"standard","meta":{"colormag_page_container_layout":"default_layout","colormag_page_sidebar_layout":"default_layout","footnotes":""},"categories":[],"tags":[],"class_list":["post-53616","post","type-post","status-publish","format-standard","hentry"],"_links":{"self":[{"href":"https:\/\/euvivoaselecao.com.br\/index.php\/wp-json\/wp\/v2\/posts\/53616","targetHints":{"allow":["GET"]}}],"collection":[{"href":"https:\/\/euvivoaselecao.com.br\/index.php\/wp-json\/wp\/v2\/posts"}],"about":[{"href":"https:\/\/euvivoaselecao.com.br\/index.php\/wp-json\/wp\/v2\/types\/post"}],"author":[{"embeddable":true,"href":"https:\/\/euvivoaselecao.com.br\/index.php\/wp-json\/wp\/v2\/users\/2"}],"replies":[{"embeddable":true,"href":"https:\/\/euvivoaselecao.com.br\/index.php\/wp-json\/wp\/v2\/comments?post=53616"}],"version-history":[{"count":0,"href":"https:\/\/euvivoaselecao.com.br\/index.php\/wp-json\/wp\/v2\/posts\/53616\/revisions"}],"wp:attachment":[{"href":"https:\/\/euvivoaselecao.com.br\/index.php\/wp-json\/wp\/v2\/media?parent=53616"}],"wp:term":[{"taxonomy":"category","embeddable":true,"href":"https:\/\/euvivoaselecao.com.br\/index.php\/wp-json\/wp\/v2\/categories?post=53616"},{"taxonomy":"post_tag","embeddable":true,"href":"https:\/\/euvivoaselecao.com.br\/index.php\/wp-json\/wp\/v2\/tags?post=53616"}],"curies":[{"name":"wp","href":"https:\/\/api.w.org\/{rel}","templated":true}]}}