{"id":53649,"date":"2025-06-20T05:02:09","date_gmt":"2025-06-20T08:02:09","guid":{"rendered":"https:\/\/euvivoaselecao.com.br\/index.php\/2025\/06\/20\/agencia-minas-gerais-exportacoes-do-agronegocio-mantem-minas-gerais-em-destaque-no-cenario-global\/"},"modified":"2025-06-20T05:02:09","modified_gmt":"2025-06-20T08:02:09","slug":"agencia-minas-gerais-exportacoes-do-agronegocio-mantem-minas-gerais-em-destaque-no-cenario-global","status":"publish","type":"post","link":"https:\/\/euvivoaselecao.com.br\/index.php\/2025\/06\/20\/agencia-minas-gerais-exportacoes-do-agronegocio-mantem-minas-gerais-em-destaque-no-cenario-global\/","title":{"rendered":"Ag\u00eancia Minas Gerais | Exporta\u00e7\u00f5es do agroneg\u00f3cio mant\u00eam Minas Gerais em destaque no cen\u00e1rio global"},"content":{"rendered":"<p><\/p>\n<div>\n<p>Minas Gerais segue como uma das principais pot\u00eancias do agroneg\u00f3cio brasileiro. Entre janeiro e maio de 2025, o estado registrou exporta\u00e7\u00f5es no valor de US$ 8,4 bilh\u00f5es, um crescimento expressivo de 24% em rela\u00e7\u00e3o ao mesmo per\u00edodo de 2024, quando o total alcan\u00e7ou US$ 6,7 bilh\u00f5es. Apesar de o volume exportado ter recuado 5,2%, somando 6,9 milh\u00f5es de toneladas, o resultado financeiro revela uma importante valoriza\u00e7\u00e3o dos pre\u00e7os m\u00e9dios internacionais.<\/p>\n<p>\u201cO desempenho das exporta\u00e7\u00f5es mineiras no agroneg\u00f3cio, especialmente com a forte valoriza\u00e7\u00e3o do caf\u00e9 e a diversifica\u00e7\u00e3o de destinos, demonstra a capacidade de adapta\u00e7\u00e3o do setor frente aos desafios log\u00edsticos e ao cen\u00e1rio internacional inst\u00e1vel. Conseguimos ampliar a receita e abrir novos mercados estrat\u00e9gicos, o que \u00e9 fundamental para manter a competitividade do estado no com\u00e9rcio global\u201d, avalia a assessora T\u00e9cnica da Secretaria de Estado de Agricultura (Seapa), Manoela Teixeira.\u00a0<\/p>\n<p><strong>L\u00edderes de exporta\u00e7\u00e3o<\/strong><\/p>\n<p>O principal motor dessa expans\u00e3o foi o caf\u00e9, que manteve a lideran\u00e7a nas exporta\u00e7\u00f5es estaduais. O produto atingiu US$ 4,8 bilh\u00f5es em vendas externas, o que representa um crescimento de 67,2%. Mesmo com uma queda de 5,5% no volume embarcado, causada por menor oferta interna e gargalos log\u00edsticos, os pre\u00e7os praticamente dobraram no mercado internacional, compensando a redu\u00e7\u00e3o na quantidade exportada.<\/p>\n<p>Outro setor de destaque foi o de carnes, com crescimento de 17,1% em valor, totalizando US$ 680,4 milh\u00f5es e o volume exportado subiu 7,1%. A carne bovina foi a principal respons\u00e1vel por esse desempenho, com alta de 17,2% em valor e 5,1% em volume. A carne de frango, que respondeu por 23,5% da receita das carnes exportadas, somou US$ 159,7 milh\u00f5es, com alta de 8,6% no valor e 3,9% no volume.<\/p>\n<p>O complexo soja teve um desempenho misto. As exporta\u00e7\u00f5es atingiram US$ 1,6 bilh\u00e3o, um recuo de 9,2% em valor, enquanto o volume permaneceu est\u00e1vel em 4 milh\u00f5es de toneladas. A queda nos pre\u00e7os da soja foi influenciada pelo aumento global dos estoques e pela redu\u00e7\u00e3o dos pr\u00eamios de exporta\u00e7\u00e3o. A oferta mundial vem crescendo mais r\u00e1pido que a demanda, o que pressiona as cota\u00e7\u00f5es.<\/p>\n<p>Entre os produtos que mais cresceram est\u00e3o os ovos, cujas exporta\u00e7\u00f5es subiram 674,8% em valor, seguidos por produtos ap\u00edcolas (crescimento de 90,5%), cereais (aumento de 89,4%, com destaque para o milho) e queijos (mais 25,4%). Esses n\u00fameros evidenciam tanto a valoriza\u00e7\u00e3o de pre\u00e7os, quanto a amplia\u00e7\u00e3o da presen\u00e7a de Minas Gerais em novos mercados consumidores.<\/p>\n<p><strong>Quedas<\/strong><\/p>\n<p>J\u00e1 o setor sucroalcooleiro enfrentou uma retra\u00e7\u00e3o significativa. As exporta\u00e7\u00f5es somaram US$ 487,1 milh\u00f5es, com queda de 35,4% em valor e de 29,7% em volume. O a\u00e7\u00facar de cana respondeu por US$ 461,2 milh\u00f5es (recuo de 36,1%), enquanto o \u00e1lcool caiu 22,3% em receita. J\u00e1 os produtos florestais fecharam o per\u00edodo com US$ 465,7 milh\u00f5es exportados, queda de 3% em valor.<\/p>\n<p><strong>Novos destinos importadores\u00a0\u00a0<\/strong><\/p>\n<p>A diversifica\u00e7\u00e3o de destinos tamb\u00e9m foi um fator-chave para o bom desempenho do agroneg\u00f3cio mineiro. Com perdas nos mercados tradicionais, como China e M\u00e9xico, o estado encontrou alternativas e ampliou significativamente suas exporta\u00e7\u00f5es para pa\u00edses como R\u00fassia (crescimento de 232% em valor e 200% em volume), I\u00eamen (aumento de 143% e 128%, respectivamente), L\u00edbia (aumento de 77% em valor) e Guin\u00e9, que registrou um crescimento expressivo de 1.021% em valor e 653% em volume.<\/p>\n<p>\u00a0<\/p>\n<\/p><\/div>\n","protected":false},"excerpt":{"rendered":"<p>Minas Gerais segue como uma das principais pot\u00eancias do agroneg\u00f3cio brasileiro. Entre janeiro e maio de 2025, o estado registrou<\/p>\n","protected":false},"author":1,"featured_media":0,"comment_status":"","ping_status":"","sticky":false,"template":"","format":"standard","meta":{"colormag_page_container_layout":"default_layout","colormag_page_sidebar_layout":"default_layout","footnotes":""},"categories":[1],"tags":[],"class_list":["post-53649","post","type-post","status-publish","format-standard","hentry","category-sem-categoria"],"_links":{"self":[{"href":"https:\/\/euvivoaselecao.com.br\/index.php\/wp-json\/wp\/v2\/posts\/53649","targetHints":{"allow":["GET"]}}],"collection":[{"href":"https:\/\/euvivoaselecao.com.br\/index.php\/wp-json\/wp\/v2\/posts"}],"about":[{"href":"https:\/\/euvivoaselecao.com.br\/index.php\/wp-json\/wp\/v2\/types\/post"}],"author":[{"embeddable":true,"href":"https:\/\/euvivoaselecao.com.br\/index.php\/wp-json\/wp\/v2\/users\/1"}],"replies":[{"embeddable":true,"href":"https:\/\/euvivoaselecao.com.br\/index.php\/wp-json\/wp\/v2\/comments?post=53649"}],"version-history":[{"count":0,"href":"https:\/\/euvivoaselecao.com.br\/index.php\/wp-json\/wp\/v2\/posts\/53649\/revisions"}],"wp:attachment":[{"href":"https:\/\/euvivoaselecao.com.br\/index.php\/wp-json\/wp\/v2\/media?parent=53649"}],"wp:term":[{"taxonomy":"category","embeddable":true,"href":"https:\/\/euvivoaselecao.com.br\/index.php\/wp-json\/wp\/v2\/categories?post=53649"},{"taxonomy":"post_tag","embeddable":true,"href":"https:\/\/euvivoaselecao.com.br\/index.php\/wp-json\/wp\/v2\/tags?post=53649"}],"curies":[{"name":"wp","href":"https:\/\/api.w.org\/{rel}","templated":true}]}}