{"id":53650,"date":"2025-06-20T05:04:09","date_gmt":"2025-06-20T08:04:09","guid":{"rendered":"https:\/\/euvivoaselecao.com.br\/index.php\/2025\/06\/20\/judo-luana-carvalho-nao-disputara-a-competicao-por-equipes-no-mundial\/"},"modified":"2025-06-20T05:04:09","modified_gmt":"2025-06-20T08:04:09","slug":"judo-luana-carvalho-nao-disputara-a-competicao-por-equipes-no-mundial","status":"publish","type":"post","link":"https:\/\/euvivoaselecao.com.br\/index.php\/2025\/06\/20\/judo-luana-carvalho-nao-disputara-a-competicao-por-equipes-no-mundial\/","title":{"rendered":"Jud\u00f4: Luana Carvalho n\u00e3o disputar\u00e1 a competi\u00e7\u00e3o por equipes no Mundial"},"content":{"rendered":"<p><\/p>\n<div>\n<div>judocbj<\/p>\n<p>Time #BrasilJudo pronto para a competi\u00e7\u00e3o por equipes mistas do Campeonato Mundial S\u00eanior! \ud83d\udcaa\n<\/p>\n<p>Vamos estrear contra o Cazaquist\u00e3o nas oitavas de final, e voc\u00ea assiste ao vivo, a partir de 5h (hor\u00e1rio de Bras\u00edlia), na @cazetv e @timebrasil.\n<\/p>\n<p>E mais tarde, \u00e0s 13h, o @sportv tamb\u00e9m transmite o bloco final!\n<\/p>\n<p>AVANTE, TIME! VAMOS JUNTOS POR ESSA MEDALHA! \ud83e\udee1\ud83d\ude80\ud83c\udfc6\n<\/p>\n<p>Inscritos:\n<\/p>\n<p>57kg \u2013 @nascimento_shirlen<\/p>\n<p>57kg \u2013 @jeahcouto<\/p>\n<p>70kg \u2013 @rafaelasilvaa<\/p>\n<p>70kg \u2013 @nauana_doress<\/p>\n<p>+70kg \u2013 @_beatrizsouzaar<\/p>\n<p>+70kg \u2013 @karolgimenees\n<\/p>\n<p>73kg \u2013 @dadscargnin<\/p>\n<p>73kg \u2013 @ardina_73<\/p>\n<p>90kg \u2013 @rafaelmacedojudo<\/p>\n<p>90kg \u2013 @marcelogomes_90<\/p>\n<p>+90kg \u2013 @leogoncalvesjudo<\/p>\n<p>+90kg \u2013 @rbuzacarinijudo\n<\/p>\n<p>#JudoWorlds #Judo\n<\/p>\n<p>Fonte: Instagram CBJ<\/p>\n<\/div>\n<p><!-- CONTENT END 2 -->\n<\/div>\n<p><script async defer crossorigin=\"anonymous\" src=\"https:\/\/connect.facebook.net\/pt_BR\/sdk.js#xfbml=1&amp;version=v12.0&amp;appId=114327694422&amp;autoLogAppEvents=1\" nonce=\"4kp7RAsD\"><\/script><\/p>\n","protected":false},"excerpt":{"rendered":"<p>judocbj Time #BrasilJudo pronto para a competi\u00e7\u00e3o por equipes mistas do Campeonato Mundial S\u00eanior! \ud83d\udcaa Vamos estrear contra o Cazaquist\u00e3o<\/p>\n","protected":false},"author":1,"featured_media":0,"comment_status":"","ping_status":"","sticky":false,"template":"","format":"standard","meta":{"colormag_page_container_layout":"default_layout","colormag_page_sidebar_layout":"default_layout","footnotes":""},"categories":[1],"tags":[],"class_list":["post-53650","post","type-post","status-publish","format-standard","hentry","category-sem-categoria"],"_links":{"self":[{"href":"https:\/\/euvivoaselecao.com.br\/index.php\/wp-json\/wp\/v2\/posts\/53650","targetHints":{"allow":["GET"]}}],"collection":[{"href":"https:\/\/euvivoaselecao.com.br\/index.php\/wp-json\/wp\/v2\/posts"}],"about":[{"href":"https:\/\/euvivoaselecao.com.br\/index.php\/wp-json\/wp\/v2\/types\/post"}],"author":[{"embeddable":true,"href":"https:\/\/euvivoaselecao.com.br\/index.php\/wp-json\/wp\/v2\/users\/1"}],"replies":[{"embeddable":true,"href":"https:\/\/euvivoaselecao.com.br\/index.php\/wp-json\/wp\/v2\/comments?post=53650"}],"version-history":[{"count":0,"href":"https:\/\/euvivoaselecao.com.br\/index.php\/wp-json\/wp\/v2\/posts\/53650\/revisions"}],"wp:attachment":[{"href":"https:\/\/euvivoaselecao.com.br\/index.php\/wp-json\/wp\/v2\/media?parent=53650"}],"wp:term":[{"taxonomy":"category","embeddable":true,"href":"https:\/\/euvivoaselecao.com.br\/index.php\/wp-json\/wp\/v2\/categories?post=53650"},{"taxonomy":"post_tag","embeddable":true,"href":"https:\/\/euvivoaselecao.com.br\/index.php\/wp-json\/wp\/v2\/tags?post=53650"}],"curies":[{"name":"wp","href":"https:\/\/api.w.org\/{rel}","templated":true}]}}