{"id":53652,"date":"2025-06-20T05:28:15","date_gmt":"2025-06-20T08:28:15","guid":{"rendered":"https:\/\/euvivoaselecao.com.br\/index.php\/2025\/06\/20\/vice-governadora-visita-referencia-em-gestao-de-agua-na-espanha-em-busca-de-solucoes-para-o-saneamento-em-sc\/"},"modified":"2025-06-20T05:28:15","modified_gmt":"2025-06-20T08:28:15","slug":"vice-governadora-visita-referencia-em-gestao-de-agua-na-espanha-em-busca-de-solucoes-para-o-saneamento-em-sc","status":"publish","type":"post","link":"https:\/\/euvivoaselecao.com.br\/index.php\/2025\/06\/20\/vice-governadora-visita-referencia-em-gestao-de-agua-na-espanha-em-busca-de-solucoes-para-o-saneamento-em-sc\/","title":{"rendered":"Vice-governadora visita refer\u00eancia em gest\u00e3o de \u00e1gua na Espanha em busca de solu\u00e7\u00f5es para o saneamento em SC"},"content":{"rendered":"<p><\/p>\n<div>\n<p><em>Foto: Osvaldo Sagaz \/ SECOM<\/em><\/p>\n<p>Durante miss\u00e3o oficial na Europa, a vice-governadora de Santa Catarina, Marilisa Boehm, visitou nesta quinta-feira, 19, o \u00c1guas de Barcelona, uma das maiores refer\u00eancias mundiais em gest\u00e3o de \u00e1gua, energia e res\u00edduos. A agenda avaliou solu\u00e7\u00f5es que possam contribuir com o avan\u00e7o do saneamento b\u00e1sico no estado, por meio da Companhia Catarinense de \u00c1guas e Saneamento (Casan).<\/p>\n<p>A visita incluiu uma apresenta\u00e7\u00e3o do trabalho realizado pelo Grupo Veolia e possui mais de 150 anos de atua\u00e7\u00e3o. A companhia \u00e9 respons\u00e1vel pelo abastecimento e tratamento de \u00e1gua para cerca de 5 milh\u00f5es de pessoas na regi\u00e3o metropolitana da Capital catal\u00e3, al\u00e9m de desenvolver projetos em outros pa\u00edses da Europa e da Am\u00e9rica Latina.<\/p>\n<p>A miss\u00e3o atende \u00e0 orienta\u00e7\u00e3o do governador Jorginho Mello e tem como foco conhecer experi\u00eancias internacionais bem-sucedidas que possam inspirar novos modelos de gest\u00e3o em Santa Catarina. A vice-governadora destacou que o objetivo foi buscar parcerias e solu\u00e7\u00f5es para melhorar os \u00edndices de cobertura e efici\u00eancia no saneamento b\u00e1sico do estado.<\/p>\n<p>\u201cEstamos aqui para aprender com quem faz bem feito e entender como podemos aplicar essas experi\u00eancias \u00e0 nossa realidade, fortalecendo o trabalho da Casan e garantindo mais qualidade de vida aos catarinenses. O governador Jorginho Mello est\u00e1 empenhado em melhorar os \u00edndices de saneamento b\u00e1sico no nosso estado e essa visita de hoje pode contribuir quando falamos de a\u00e7\u00f5es concretas para melhorar essa realidade em nossos munic\u00edpios\u201d, afirmou Marilisa.<\/p>\n<figure class=\"wp-block-image size-full\"><figcaption class=\"wp-element-caption\"><em>Foto: Osvaldo Sagaz \/  SECOM<\/em><\/figcaption><\/figure>\n<p>Entre as tecnologias apresentadas, chamou a aten\u00e7\u00e3o o uso de sistemas modernos de reaproveitamento da \u00e1gua como a dessaliniza\u00e7\u00e3o e estrat\u00e9gias inovadoras para enfrentar per\u00edodos de estiagem, com foco em sustentabilidade, efici\u00eancia energ\u00e9tica e inova\u00e7\u00e3o.\u00a0<\/p>\n<p>\u201cNo setor da \u00e1gua e saneamento \u00e9 muito importante aprender as experi\u00eancias de diferentes realidades por meio das cidades do mundo todo. Isso \u00e9 muito importante porque a inova\u00e7\u00e3o \u00e9 essencial nos momentos onde a mudan\u00e7a clim\u00e1tica est\u00e1 provocando que o setor da \u00e1gua tenha que se adaptar para responder aos novos desafios. Ent\u00e3o a coopera\u00e7\u00e3o, o benchmarking, falar com as diferentes experi\u00eancias \u00e9 fundamental. E estamos abertos para auxiliar Santa Catarina. Nossa diretoria no Brasil ficar\u00e1 respons\u00e1vel pelas pr\u00f3ximas conversas com o governo catarinense\u201d, ressaltou Ricard Frigola, direto da Agbar.<\/p>\n<figure class=\"wp-block-image size-full\"><figcaption class=\"wp-element-caption\"><em>Foto: Osvaldo Sagaz \/  SECOM<\/em><\/figcaption><\/figure>\n<p>Nesta quinta-feira, ainda em Barcelona, a vice-governadora, acompanhada da consultora da InvestSC, Caroline Canale, se reuniu com o diretor executivo da ACCI\u00d3, Joan Romero. A ag\u00eancia p\u00fablica da Catalunha, vinculada ao Minist\u00e9rio de Neg\u00f3cios e Trabalho da Generalitat, \u00e9 refer\u00eancia internacional em inova\u00e7\u00e3o, competitividade empresarial e atra\u00e7\u00e3o de investimentos estrangeiros.\u00a0<\/p>\n<p>Durante o encontro, foram debatidas oportunidades de fortalecimento da coopera\u00e7\u00e3o com Santa Catarina, que j\u00e1 mant\u00e9m um protocolo com a ACCI\u00d3 desde 2017, por meio da InvestSC. A reuni\u00e3o destacou o interesse m\u00fatuo em ampliar as parcerias voltadas \u00e0 internacionaliza\u00e7\u00e3o de empresas, \u00e0 inova\u00e7\u00e3o e ao desenvolvimento econ\u00f4mico sustent\u00e1vel.<\/p>\n<\/p><\/div>\n","protected":false},"excerpt":{"rendered":"<p>Foto: Osvaldo Sagaz \/ SECOM Durante miss\u00e3o oficial na Europa, a vice-governadora de Santa Catarina, Marilisa Boehm, visitou nesta quinta-feira,<\/p>\n","protected":false},"author":1,"featured_media":0,"comment_status":"","ping_status":"","sticky":false,"template":"","format":"standard","meta":{"colormag_page_container_layout":"default_layout","colormag_page_sidebar_layout":"default_layout","footnotes":""},"categories":[1],"tags":[],"class_list":["post-53652","post","type-post","status-publish","format-standard","hentry","category-sem-categoria"],"_links":{"self":[{"href":"https:\/\/euvivoaselecao.com.br\/index.php\/wp-json\/wp\/v2\/posts\/53652","targetHints":{"allow":["GET"]}}],"collection":[{"href":"https:\/\/euvivoaselecao.com.br\/index.php\/wp-json\/wp\/v2\/posts"}],"about":[{"href":"https:\/\/euvivoaselecao.com.br\/index.php\/wp-json\/wp\/v2\/types\/post"}],"author":[{"embeddable":true,"href":"https:\/\/euvivoaselecao.com.br\/index.php\/wp-json\/wp\/v2\/users\/1"}],"replies":[{"embeddable":true,"href":"https:\/\/euvivoaselecao.com.br\/index.php\/wp-json\/wp\/v2\/comments?post=53652"}],"version-history":[{"count":0,"href":"https:\/\/euvivoaselecao.com.br\/index.php\/wp-json\/wp\/v2\/posts\/53652\/revisions"}],"wp:attachment":[{"href":"https:\/\/euvivoaselecao.com.br\/index.php\/wp-json\/wp\/v2\/media?parent=53652"}],"wp:term":[{"taxonomy":"category","embeddable":true,"href":"https:\/\/euvivoaselecao.com.br\/index.php\/wp-json\/wp\/v2\/categories?post=53652"},{"taxonomy":"post_tag","embeddable":true,"href":"https:\/\/euvivoaselecao.com.br\/index.php\/wp-json\/wp\/v2\/tags?post=53652"}],"curies":[{"name":"wp","href":"https:\/\/api.w.org\/{rel}","templated":true}]}}