{"id":53653,"date":"2025-06-20T05:45:20","date_gmt":"2025-06-20T08:45:20","guid":{"rendered":"https:\/\/euvivoaselecao.com.br\/index.php\/2025\/06\/20\/cria-do-vasco-e-campeao-da-copa-do-brasil-2011-meia-jonathan-esta-no-acao-mt\/"},"modified":"2025-06-20T05:45:20","modified_gmt":"2025-06-20T08:45:20","slug":"cria-do-vasco-e-campeao-da-copa-do-brasil-2011-meia-jonathan-esta-no-acao-mt","status":"publish","type":"post","link":"https:\/\/euvivoaselecao.com.br\/index.php\/2025\/06\/20\/cria-do-vasco-e-campeao-da-copa-do-brasil-2011-meia-jonathan-esta-no-acao-mt\/","title":{"rendered":"Cria do Vasco e campe\u00e3o da Copa do Brasil 2011, meia Jonathan est\u00e1 no A\u00e7\u00e3o-MT"},"content":{"rendered":"<p><\/p>\n<div>\n<p>Cria do Vasco e campe\u00e3o da Copa do Brasil 2011, meia Jonathan est\u00e1 no A\u00e7\u00e3o-MT<\/p>\n<div>O A\u00e7\u00e3o anunciou 13 contrata\u00e7\u00f5es para a disputa da Segunda Divis\u00e3o do Campeonato Mato-Grossense de 2025. Entre eles, est\u00e1 um campe\u00e3o da Copa do Brasil: o meia Jonathan Oliveira, ex-Vasco.<\/p>\n<p>A estreia ser\u00e1 nesta quarta-feira, contra o Uirapuru, que perdeu na rodada inicial para o Cacerense por 3 a 0, no est\u00e1dio Gerald\u00e3o. A partida est\u00e1 marcada para as 19h, no est\u00e1dio Dito Souza, em V\u00e1rzea Grande.\n<\/p>\n<p>Entre os refor\u00e7os est\u00e1 o experiente meia-atacante Jonathan Oliveira, de 34 anos. Revelado pelo Vasco da Gama, ganhou destaque ainda jovem ao integrar o elenco campe\u00e3o da Copa do Brasil em 2011. Permaneceu no clube por seis anos, deixando a equipe em 2015.\n<\/p>\n<p>Ap\u00f3s sua passagem pelo clube carioca, seguiu carreira em diversas equipes do futebol brasileiro, como Tombense-MG, Cabofriense-RJ, Tupi-MG, Itumbiara-GO e Nova Igua\u00e7u-RJ.\n<\/p>\n<p>No futebol mato-grossense, j\u00e1 atuou pelo A\u00e7\u00e3o, Nova Mutum e Dom Bosco.\n<\/p>\n<p>A comiss\u00e3o t\u00e9cnica do time de Santo Ant\u00f4nio de Leverger \u00e9 liderada pelo treinador Lucas Souza, de 33 anos, ex-jogador do Flamengo.\n<\/p>\n<p><b>Confira os refor\u00e7os anunciados:<\/b>\n<\/p>\n<p><b>Goleiros<\/b>\n<\/p>\n<ul class=\"listul\">\n<li>Daniel Silva \u2013 23 anos (\u00faltimo clube \u2013 Corumbaense-MS)<\/li>\n<li>Davi Borelli \u2013 22 anos (\u00faltimo clube \u2013 Aparecida-GO)<\/li>\n<\/ul>\n<p><b>Zagueiros<\/b>\n<\/p>\n<ul class=\"listul\">\n<li>Helder Fernando \u2013 22 anos (\u00faltimo clube \u2013 A\u00e7\u00e3o)<\/li>\n<li>Neiz\u00e3o \u2013 26 anos \u2013 (\u00faltimo clube \u2013 Pocon\u00e9)<\/li>\n<\/ul>\n<p><b>Laterais<\/b>\n<\/p>\n<ul class=\"listul\">\n<li>Luiz Cl\u00e1udio \u2013 18 anos \u2013 (\u00faltimo clube \u2013 Serra Macaense)<\/li>\n<li>Maur\u00edcio Lu\u00edz \u2013 Lateral-esquerdo \u2013 25 anos \u2013 (\u00faltimo clube \u2013 Nova Ven\u00e9cia\/ES)<\/li>\n<li>Suzan \u2013 Lateral-esquerdo \u2013 (\u00faltimo clube \u2013 Rolim de Moura-RO)<\/li>\n<\/ul>\n<p><b>Meio campo<\/b>\n<\/p>\n<ul class=\"listul\">\n<li>Maranh\u00e3o \u2013 22 anos (\u00faltimo clube \u2013 N\u00e1utico-RR)<\/li>\n<li>Luis Felipe Lira \u2013 20 anos (\u00faltimo clube \u2013 Mixto)<\/li>\n<li>Mateus Pituxo<\/li>\n<li>Jonathan Oliveira \u2013 34 anos (\u00faltimo clube \u2013 Decis\u00e3o-PE)<\/li>\n<\/ul>\n<p><b>Atacantes<\/b>\n<\/p>\n<ul class=\"listul\">\n<li>Leoz\u00e3o \u2013 30 anos (\u00faltimo clube \u2013 Campo Novo)<\/li>\n<li>Jean Filder \u2013 30 anos (\u00faltimo clube \u2013 Aragua\u00edna-TO)<\/li>\n<li>Adriano Alencar \u2013 23 anos (\u00faltimo clube \u2013 N\u00e1utico-RR)<\/li>\n<\/ul>\n<p>O Tuiui\u00fa Pantaneiro est\u00e1 no Grupo B.\n<\/p>\n<ul class=\"listul\">\n<li>A\u00e7\u00e3o;<\/li>\n<li>Cacerense;<\/li>\n<li>Dom Bosco;<\/li>\n<li>Oper\u00e1rio FC;<\/li>\n<li>Uirapuru.<\/li>\n<\/ul>\n<p>Fonte: ge<\/p>\n<\/div>\n<p><!-- CONTENT END 2 -->\n<\/div>\n<p><script async defer crossorigin=\"anonymous\" src=\"https:\/\/connect.facebook.net\/pt_BR\/sdk.js#xfbml=1&amp;version=v12.0&amp;appId=114327694422&amp;autoLogAppEvents=1\" nonce=\"4kp7RAsD\"><\/script><\/p>\n","protected":false},"excerpt":{"rendered":"<p>Cria do Vasco e campe\u00e3o da Copa do Brasil 2011, meia Jonathan est\u00e1 no A\u00e7\u00e3o-MT O A\u00e7\u00e3o anunciou 13 contrata\u00e7\u00f5es<\/p>\n","protected":false},"author":1,"featured_media":0,"comment_status":"","ping_status":"","sticky":false,"template":"","format":"standard","meta":{"colormag_page_container_layout":"default_layout","colormag_page_sidebar_layout":"default_layout","footnotes":""},"categories":[1],"tags":[],"class_list":["post-53653","post","type-post","status-publish","format-standard","hentry","category-sem-categoria"],"_links":{"self":[{"href":"https:\/\/euvivoaselecao.com.br\/index.php\/wp-json\/wp\/v2\/posts\/53653","targetHints":{"allow":["GET"]}}],"collection":[{"href":"https:\/\/euvivoaselecao.com.br\/index.php\/wp-json\/wp\/v2\/posts"}],"about":[{"href":"https:\/\/euvivoaselecao.com.br\/index.php\/wp-json\/wp\/v2\/types\/post"}],"author":[{"embeddable":true,"href":"https:\/\/euvivoaselecao.com.br\/index.php\/wp-json\/wp\/v2\/users\/1"}],"replies":[{"embeddable":true,"href":"https:\/\/euvivoaselecao.com.br\/index.php\/wp-json\/wp\/v2\/comments?post=53653"}],"version-history":[{"count":0,"href":"https:\/\/euvivoaselecao.com.br\/index.php\/wp-json\/wp\/v2\/posts\/53653\/revisions"}],"wp:attachment":[{"href":"https:\/\/euvivoaselecao.com.br\/index.php\/wp-json\/wp\/v2\/media?parent=53653"}],"wp:term":[{"taxonomy":"category","embeddable":true,"href":"https:\/\/euvivoaselecao.com.br\/index.php\/wp-json\/wp\/v2\/categories?post=53653"},{"taxonomy":"post_tag","embeddable":true,"href":"https:\/\/euvivoaselecao.com.br\/index.php\/wp-json\/wp\/v2\/tags?post=53653"}],"curies":[{"name":"wp","href":"https:\/\/api.w.org\/{rel}","templated":true}]}}