{"id":53711,"date":"2025-06-20T20:41:12","date_gmt":"2025-06-20T23:41:12","guid":{"rendered":"https:\/\/euvivoaselecao.com.br\/index.php\/2025\/06\/20\/premio-jovem-cientista-e-demais-premiacoes-do-cnpq-e-tema-do-trilha-da-ciencia-ifsp\/"},"modified":"2025-06-20T20:41:12","modified_gmt":"2025-06-20T23:41:12","slug":"premio-jovem-cientista-e-demais-premiacoes-do-cnpq-e-tema-do-trilha-da-ciencia-ifsp","status":"publish","type":"post","link":"https:\/\/euvivoaselecao.com.br\/index.php\/2025\/06\/20\/premio-jovem-cientista-e-demais-premiacoes-do-cnpq-e-tema-do-trilha-da-ciencia-ifsp\/","title":{"rendered":"Pr\u00eamio Jovem Cientista e demais premia\u00e7\u00f5es do CNPq \u00e9 tema do Trilha da Ci\u00eancia &#8211; IFSP"},"content":{"rendered":"<p><\/p>\n<div>\n<p><!-- fim .content-header-options-1 --><\/p>\n<p>A Pr\u00f3-Reitoria de Pesquisa e P\u00f3s-Gradua\u00e7\u00e3o do IFSP realiza, na pr\u00f3xima quarta-feira, 25 de junho, um novo epis\u00f3dio do programa Trilha da Ci\u00eancia com o tema &#8220;Pr\u00eamio Jovem Cientista e demais Premia\u00e7\u00f5es do CNPq: Panorama de Oportunidades para Estudantes e Professores&#8221;, a partir das 16h. As inscri\u00e7\u00f5es para a edi\u00e7\u00e3o 2025 do Pr\u00eamio Jovem Cientista est\u00e3o abertas at\u00e9 o dia 31 de julho.\u00a0<\/p>\n<p>A palestra ser\u00e1 ministrada por\u00a0Cassiano D&#8217;Almeida,\u00a0coordenador de Execu\u00e7\u00e3o e Difus\u00e3o de Pr\u00eamios Nacionais e Internacionais em Ci\u00eancia, Tecnologia e Inova\u00e7\u00e3o do CNPq.\u00a0<\/p>\n<p><iframe loading=\"lazy\" title=\"#29 Trilha da Ci\u00eancia - Pr\u00eamio Jovem Cientista e demais Premia\u00e7\u00f5es do CNPq\" width=\"800\" height=\"450\" src=\"https:\/\/www.youtube.com\/embed\/JSesvZ4ybq0?feature=oembed\" frameborder=\"0\" allow=\"accelerometer; autoplay; clipboard-write; encrypted-media; gyroscope; picture-in-picture; web-share\" referrerpolicy=\"strict-origin-when-cross-origin\" allowfullscreen><\/iframe><\/p>\n<p><strong>Jovem Cientista<\/strong><\/p>\n<p>O Pr\u00eamio Jovem Cientista visa incentivar a pesquisa cient\u00edfica e valorizar a produ\u00e7\u00e3o acad\u00eamica no Brasil desde 1981.\u00a0A 31\u00aa edi\u00e7\u00e3o do pr\u00eamio traz como tema &#8220;Resili\u00eancia e adapta\u00e7\u00e3o \u00e0s mudan\u00e7as clim\u00e1ticas&#8221;. A iniciativa\u00a0incentiva jovens pesquisadores na busca por respostas \u00e0s mudan\u00e7as clim\u00e1ticas, como solu\u00e7\u00f5es de produtos sustent\u00e1veis e eficazes para o combate a desastres, estrat\u00e9gias de resili\u00eancia e adapta\u00e7\u00e3o \u00e0s mudan\u00e7as clim\u00e1ticas e iniciativas para a agricultura.<\/p>\n<p>Estudantes do ensino m\u00e9dio e superior, al\u00e9m de mestres e doutores, podem participar. Os interessados t\u00eam at\u00e9 31 de julho de 2025 para realizar a inscri\u00e7\u00e3o no site: jovemcientista.cnpq.br. Entre as premia\u00e7\u00f5es previstas est\u00e3o laptops, bolsas do CNPq e valores em dinheiro que v\u00e3o de R$ 12 mil a R$ 40 mil.\u00a0<\/p>\n<p>Saiba mais sobre o Pr\u00eamio Jovem Cientista 2025 aqui.<\/p>\n<p><strong>Outras premia\u00e7\u00f5es<\/strong><\/p>\n<p>Al\u00e9m do conhecido Pr\u00eamio Jovem Cientista, o\u00a0CNPq prop\u00f5e diversas outras premia\u00e7\u00f5es\u00a0que visam\u00a0incentivar\u00a0a pesquisa cient\u00edfica e\u00a0o desenvolvimento de solu\u00e7\u00f5es inovadoras para os desafios nacionais. Ao reconhecer e apoiar jovens cientistas, essas iniciativas n\u00e3o apenas valorizam o talento emergente, mas tamb\u00e9m fortalecem a base cient\u00edfica do Brasil, promovendo avan\u00e7os significativos em diversas \u00e1reas do conhecimento.<\/p>\n<p>\u00a0<\/p>\n<\/div>\n","protected":false},"excerpt":{"rendered":"<p>A Pr\u00f3-Reitoria de Pesquisa e P\u00f3s-Gradua\u00e7\u00e3o do IFSP realiza, na pr\u00f3xima quarta-feira, 25 de junho, um novo epis\u00f3dio do programa<\/p>\n","protected":false},"author":1,"featured_media":0,"comment_status":"","ping_status":"","sticky":false,"template":"","format":"standard","meta":{"colormag_page_container_layout":"default_layout","colormag_page_sidebar_layout":"default_layout","footnotes":""},"categories":[1],"tags":[],"class_list":["post-53711","post","type-post","status-publish","format-standard","hentry","category-sem-categoria"],"_links":{"self":[{"href":"https:\/\/euvivoaselecao.com.br\/index.php\/wp-json\/wp\/v2\/posts\/53711","targetHints":{"allow":["GET"]}}],"collection":[{"href":"https:\/\/euvivoaselecao.com.br\/index.php\/wp-json\/wp\/v2\/posts"}],"about":[{"href":"https:\/\/euvivoaselecao.com.br\/index.php\/wp-json\/wp\/v2\/types\/post"}],"author":[{"embeddable":true,"href":"https:\/\/euvivoaselecao.com.br\/index.php\/wp-json\/wp\/v2\/users\/1"}],"replies":[{"embeddable":true,"href":"https:\/\/euvivoaselecao.com.br\/index.php\/wp-json\/wp\/v2\/comments?post=53711"}],"version-history":[{"count":0,"href":"https:\/\/euvivoaselecao.com.br\/index.php\/wp-json\/wp\/v2\/posts\/53711\/revisions"}],"wp:attachment":[{"href":"https:\/\/euvivoaselecao.com.br\/index.php\/wp-json\/wp\/v2\/media?parent=53711"}],"wp:term":[{"taxonomy":"category","embeddable":true,"href":"https:\/\/euvivoaselecao.com.br\/index.php\/wp-json\/wp\/v2\/categories?post=53711"},{"taxonomy":"post_tag","embeddable":true,"href":"https:\/\/euvivoaselecao.com.br\/index.php\/wp-json\/wp\/v2\/tags?post=53711"}],"curies":[{"name":"wp","href":"https:\/\/api.w.org\/{rel}","templated":true}]}}