{"id":53712,"date":"2025-06-20T20:43:17","date_gmt":"2025-06-20T23:43:17","guid":{"rendered":"https:\/\/euvivoaselecao.com.br\/index.php\/2025\/06\/20\/nuno-moreira-aproveita-as-ferias-em-buzios-com-a-namorada\/"},"modified":"2025-06-20T20:43:17","modified_gmt":"2025-06-20T23:43:17","slug":"nuno-moreira-aproveita-as-ferias-em-buzios-com-a-namorada","status":"publish","type":"post","link":"https:\/\/euvivoaselecao.com.br\/index.php\/2025\/06\/20\/nuno-moreira-aproveita-as-ferias-em-buzios-com-a-namorada\/","title":{"rendered":"Nuno Moreira aproveita as f\u00e9rias em B\u00fazios com a namorada"},"content":{"rendered":"<p><\/p>\n<div>\n<div>Em aproximadamente tr\u00eas meses de Vasco da Gama, Nuno Moreira est\u00e1 encantado pelo Rio de Janeiro. O atacante portugu\u00eas costuma compartilhar nas redes sociais os registros de suas andan\u00e7as pela cidade, como recentemente quando visitou o morro do Vidigal, na Zona Sul.<\/p>\n<p>O jogador aproveitou o pequeno per\u00edodo de f\u00e9rias do elenco, em fun\u00e7\u00e3o da Copa do Mundo de Clubes, para visitar B\u00fazios ao lado da fam\u00edlia e da namorada, In\u00eas. Os pais e a irm\u00e3 vieram de Portugal para passar esses dias na companhia dele.\n<\/p>\n<p>\u201cApaixonada por B\u00fazios\u201d, escreveu In\u00eas, que vive com Nuno Moreira no Rio.\n<\/p>\n<p><b>Veja alguns registros:<\/b>\n<\/p>\n<p>No m\u00eas passado, em entrevista ao ge, Nuno Moreira contou o que costuma fazer nos dias sem treino e jogos. E revelou que gostou tanto do Rio de Janeiro que cancelou os planos de viajar a Portugal para conhecer mais a cidade durante as f\u00e9rias.\n<\/p>\n<p>\u2013 O calor nos faz querer sair mais de casa, n\u00f3s adoramos calor. Moramos na beira da praia, queremos aproveitar essas coisas que o Rio traz. Fomos ver o Cristo, queremos conhecer ainda mais coisas. Ela (In\u00eas), como tem mais tempo que eu, tem aproveitado para conhecer o Rio. Estou \u00e0 espera das folgas em junho para conhecer mais \u2013 disse.\n<\/p>\n<p>Depois de 10 dias de f\u00e9rias, o elenco do Vasco se reapresenta na pr\u00f3xima segunda-feira, dia 23.\n<\/p>\n<p>Fonte: ge<\/p>\n<\/div>\n<p><!-- CONTENT END 2 -->\n<\/div>\n<p><script async defer crossorigin=\"anonymous\" src=\"https:\/\/connect.facebook.net\/pt_BR\/sdk.js#xfbml=1&amp;version=v12.0&amp;appId=114327694422&amp;autoLogAppEvents=1\" nonce=\"4kp7RAsD\"><\/script><\/p>\n","protected":false},"excerpt":{"rendered":"<p>Em aproximadamente tr\u00eas meses de Vasco da Gama, Nuno Moreira est\u00e1 encantado pelo Rio de Janeiro. O atacante portugu\u00eas costuma<\/p>\n","protected":false},"author":1,"featured_media":0,"comment_status":"","ping_status":"","sticky":false,"template":"","format":"standard","meta":{"colormag_page_container_layout":"default_layout","colormag_page_sidebar_layout":"default_layout","footnotes":""},"categories":[1],"tags":[],"class_list":["post-53712","post","type-post","status-publish","format-standard","hentry","category-sem-categoria"],"_links":{"self":[{"href":"https:\/\/euvivoaselecao.com.br\/index.php\/wp-json\/wp\/v2\/posts\/53712","targetHints":{"allow":["GET"]}}],"collection":[{"href":"https:\/\/euvivoaselecao.com.br\/index.php\/wp-json\/wp\/v2\/posts"}],"about":[{"href":"https:\/\/euvivoaselecao.com.br\/index.php\/wp-json\/wp\/v2\/types\/post"}],"author":[{"embeddable":true,"href":"https:\/\/euvivoaselecao.com.br\/index.php\/wp-json\/wp\/v2\/users\/1"}],"replies":[{"embeddable":true,"href":"https:\/\/euvivoaselecao.com.br\/index.php\/wp-json\/wp\/v2\/comments?post=53712"}],"version-history":[{"count":0,"href":"https:\/\/euvivoaselecao.com.br\/index.php\/wp-json\/wp\/v2\/posts\/53712\/revisions"}],"wp:attachment":[{"href":"https:\/\/euvivoaselecao.com.br\/index.php\/wp-json\/wp\/v2\/media?parent=53712"}],"wp:term":[{"taxonomy":"category","embeddable":true,"href":"https:\/\/euvivoaselecao.com.br\/index.php\/wp-json\/wp\/v2\/categories?post=53712"},{"taxonomy":"post_tag","embeddable":true,"href":"https:\/\/euvivoaselecao.com.br\/index.php\/wp-json\/wp\/v2\/tags?post=53712"}],"curies":[{"name":"wp","href":"https:\/\/api.w.org\/{rel}","templated":true}]}}