{"id":53740,"date":"2025-06-21T03:08:05","date_gmt":"2025-06-21T06:08:05","guid":{"rendered":"https:\/\/euvivoaselecao.com.br\/index.php\/2025\/06\/21\/ms-e-onu-iniciam-planejamento-para-receber-mais-de-130-paises-em-debates-da-cop15-de-2026-agencia-de-noticias-do-governo-de-mato-grosso-do-sul-2\/"},"modified":"2025-06-21T03:08:05","modified_gmt":"2025-06-21T06:08:05","slug":"ms-e-onu-iniciam-planejamento-para-receber-mais-de-130-paises-em-debates-da-cop15-de-2026-agencia-de-noticias-do-governo-de-mato-grosso-do-sul-2","status":"publish","type":"post","link":"https:\/\/euvivoaselecao.com.br\/index.php\/2025\/06\/21\/ms-e-onu-iniciam-planejamento-para-receber-mais-de-130-paises-em-debates-da-cop15-de-2026-agencia-de-noticias-do-governo-de-mato-grosso-do-sul-2\/","title":{"rendered":"MS e ONU iniciam planejamento para receber mais de 130 pa\u00edses em debates da COP15 de 2026 \u2013 Ag\u00eancia de Noticias do Governo de Mato Grosso do Sul"},"content":{"rendered":"<p><\/p>\n<div wp_automatic_readability=\"101.76312551272\">\n<p>Equipes da ONU (Organiza\u00e7\u00e3o das Na\u00e7\u00f5es Unidas) e do MMA (Minist\u00e9rio do Meio Ambiente) realizam desde s\u00e1bado (18) em Campo Grande visitas t\u00e9cnicas para planejar a COP15 das Esp\u00e9cies Migrat\u00f3rias \u2013 a Conven\u00e7\u00e3o sobre a Conserva\u00e7\u00e3o de Esp\u00e9cies Migrat\u00f3rias de Animais Silvestres.<\/p>\n<p>O evento acontecer\u00e1 em mar\u00e7o de 2026 na capital sul-mato-grossense, com o planejamento ocorrendo desde j\u00e1 para os debates que ser\u00e3o realizados com a presen\u00e7a de representantes de mais de 130 pa\u00edses na cidade, reunindo cientistas, povos origin\u00e1rios, comunidades tradicionais e a sociedade civil como um todo.<\/p>\n<p>Durante a COP15 em Campo Grande ser\u00e3o debatidos os desafios urgentes de conserva\u00e7\u00e3o que acometem as milhares de esp\u00e9cies de animais silvestres que cruzam fronteiras internacionais. Nesse grupo est\u00e3o desde ant\u00edlopes a peixes, baleias a elefantes, morcegos a p\u00e1ssaros e at\u00e9 borboletas.<\/p>\n<p><strong>Sejuv abre inscri\u00e7\u00f5es para cursos gratuitos de Extens\u00e3o de C\u00edlios e Auxiliar Administrativo com certifica\u00e7\u00e3o \u2013 CGNot\u00edcias<\/strong><\/p>\n<p><strong>AVISO DE DISPENSA N\u00ba. 18\/2025 \u2013 CONTRATA\u00c7\u00c3O DE EMPRESA PARA LOCA\u00c7\u00c3O DE PAINEL DE LED P3 OUTDOOR EM ATENDIMENTO AOS FUTUROS EVENTOS QUE OCORRER\u00c3O NO MUNIC\u00cdPIO PARA ATENDER A DEMANDA DA SECRETARIA DE GOVERNO \u2013 Prefeitura Municipal de Bonito<\/strong><\/p>\n<p>As esp\u00e9cies migrat\u00f3rias atravessam grandes dist\u00e2ncias e ecossistemas, desempenhando papel crucial na manuten\u00e7\u00e3o da biodiversidade e do equil\u00edbrio ecol\u00f3gico, s\u00e3o indicadores de sa\u00fade ambiental e essenciais para o funcionamento de seus habitats.<\/p>\n<p>Integram a equipe da CMS (Conven\u00e7\u00e3o sobre Esp\u00e9cies Migrat\u00f3rias da ONU): Mar\u00eda Jos\u00e9 Ortiz Noguera (Legal Officer and Head of Conference Services), Tine Lindberg-Roncari (Conference Services) e Nader Ibrahim (Conference Services). Pelo Minist\u00e9rio do Meio Ambiente participam Camila Neves Soares Olivereira, coordenadora geral, e Rodrigo Marcos da Costa Braga, Analista Ambiental.<\/p>\n<p>As equipes estiveram reunidas com o secret\u00e1rio-adjunto da Semadesc (Secretaria de Meio Ambiente, Desenvolvimento, Ci\u00eancia, Tecnologia e Inova\u00e7\u00e3o), Artur Falcette, e com a coordenadora de Meio Ambiente e Recursos H\u00eddricos da pasta, Ana Trevelin, para fazer o alinhamento final, encaminhamentos institucionais, defini\u00e7\u00e3o sobre a comunica\u00e7\u00e3o do evento e para tratar da confec\u00e7\u00e3o de materiais e da organiza\u00e7\u00e3o em geral.<\/p>\n<p>\u201c\u00c9 uma oportunidade muito importante para Mato Grosso do Sul. Teremos todos os holofotes voltados novamente ao nosso Estado, para que a gente possa n\u00e3o s\u00f3 demonstrar o que a estamos fazendo do ponto de vista das pol\u00edticas de desenvolvimento do Meio Ambiente, mas tamb\u00e9m como atuamos e podemos atuar na capta\u00e7\u00e3o de recurso para amplia\u00e7\u00e3o de programas de refer\u00eancia que o Estado, tem como os programas de pagamento por servi\u00e7os ambientais\u201d, pontuou Falcette.<\/p>\n<p><strong>Confira a escala m\u00e9dica de plant\u00e3o nas UPAs e CRSs nesta sexta-feira (20\/06\/2025)<\/strong><\/p>\n<p><strong>d\u00e9bitos da d\u00edvida ativa poder\u00e3o ser renegociados com descontos de at\u00e9 70% \u2013 Ag\u00eancia de Noticias do Governo de Mato Grosso do Sul<\/strong><\/p>\n<p>A Semadesc \u00e9 o ponto focal do Governo de Mato Grosso do Sul para a organiza\u00e7\u00e3o da COP15 Esp\u00e9cies Migrat\u00f3rias e, desde novembro de 2024, quando a Campo Grande ainda era candidata a sediar a Conven\u00e7\u00e3o, vem participando de reuni\u00f5es de alinhamento com o MMA e a ONU, com objetivo de identificar demandas, locais apropriados para receber os delegados e atividades que devem integrar os espa\u00e7os conhecidos como Zona Azul e Zona Verde.<\/p>\n<p>O an\u00fancio de Campo Grande como sede da Conven\u00e7\u00e3o aconteceu em final de mar\u00e7o. \u201cFoi uma articula\u00e7\u00e3o conjunta do Governo do Estado com o Minist\u00e9rio do Meio Ambiente, que indicou o Mato Grosso do Sul para fazer a recep\u00e7\u00e3o do evento baseado nas pol\u00edticas ambientais j\u00e1 estabelecidas em nosso Estado\u201d, informou na \u00e9poca o titular da Semadesc, Jaime Verruck.<\/p>\n<p>Previsto para entre os dias 23 a 29 de mar\u00e7o de 2026, em dois locais j\u00e1 pr\u00e9-definidos. A Blue Zone (Zona Azul), onde os delegados dos pa\u00edses se re\u00fanem para desenvolver a agenda oficial da Conven\u00e7\u00e3o, ser\u00e1 no espa\u00e7o de eventos Expo Bosque do Shopping Bosque dos Ip\u00eas. J\u00e1 a Green Zone (Zona Verde), que concentra exposi\u00e7\u00f5es, atividades culturais, pra\u00e7a de alimenta\u00e7\u00e3o e outros atrativos, ser\u00e1 na Vila Morena, \u00e1rea anexa ao Parque das Na\u00e7\u00f5es Ind\u00edgenas nos altos da avenida Afonso Pena.<\/p>\n<p>A COP14 Esp\u00e9cies Migrat\u00f3rias ocorreu em Samarcanda, cidade do Uzbequist\u00e3o, em fevereiro de 2024. A expectativa \u00e9 de que o evento de 2026 traga a Campo Grande um p\u00fablico estimado entre 4 a 5 mil pessoas. O Governo de Mato Grosso do Sul est\u00e1 mobilizado, atrav\u00e9s de diferentes \u00f3rg\u00e3os, para oferecer a estrutura necess\u00e1ria e construir agendas culturais e tur\u00edsticas que ser\u00e3o disponibilizadas aos visitantes.<\/p>\n<p><em>Jo\u00e3o Prestes, Comunica\u00e7\u00e3o Semadesc<\/em><br \/><em>Fotos: Mairinco de Pauda\/Semadesc<\/em><\/p>\n<\/div>\n","protected":false},"excerpt":{"rendered":"<p>Equipes da ONU (Organiza\u00e7\u00e3o das Na\u00e7\u00f5es Unidas) e do MMA (Minist\u00e9rio do Meio Ambiente) realizam desde s\u00e1bado (18) em Campo<\/p>\n","protected":false},"author":2,"featured_media":0,"comment_status":"","ping_status":"","sticky":false,"template":"","format":"standard","meta":{"colormag_page_container_layout":"default_layout","colormag_page_sidebar_layout":"default_layout","footnotes":""},"categories":[],"tags":[],"class_list":["post-53740","post","type-post","status-publish","format-standard","hentry"],"_links":{"self":[{"href":"https:\/\/euvivoaselecao.com.br\/index.php\/wp-json\/wp\/v2\/posts\/53740","targetHints":{"allow":["GET"]}}],"collection":[{"href":"https:\/\/euvivoaselecao.com.br\/index.php\/wp-json\/wp\/v2\/posts"}],"about":[{"href":"https:\/\/euvivoaselecao.com.br\/index.php\/wp-json\/wp\/v2\/types\/post"}],"author":[{"embeddable":true,"href":"https:\/\/euvivoaselecao.com.br\/index.php\/wp-json\/wp\/v2\/users\/2"}],"replies":[{"embeddable":true,"href":"https:\/\/euvivoaselecao.com.br\/index.php\/wp-json\/wp\/v2\/comments?post=53740"}],"version-history":[{"count":0,"href":"https:\/\/euvivoaselecao.com.br\/index.php\/wp-json\/wp\/v2\/posts\/53740\/revisions"}],"wp:attachment":[{"href":"https:\/\/euvivoaselecao.com.br\/index.php\/wp-json\/wp\/v2\/media?parent=53740"}],"wp:term":[{"taxonomy":"category","embeddable":true,"href":"https:\/\/euvivoaselecao.com.br\/index.php\/wp-json\/wp\/v2\/categories?post=53740"},{"taxonomy":"post_tag","embeddable":true,"href":"https:\/\/euvivoaselecao.com.br\/index.php\/wp-json\/wp\/v2\/tags?post=53740"}],"curies":[{"name":"wp","href":"https:\/\/api.w.org\/{rel}","templated":true}]}}