{"id":53751,"date":"2025-06-21T05:53:52","date_gmt":"2025-06-21T08:53:52","guid":{"rendered":"https:\/\/euvivoaselecao.com.br\/index.php\/2025\/06\/21\/agencia-minas-gerais-unidades-da-hemominas-tem-horario-de-funcionamento-alterado-na-semana-de-corpus-christi\/"},"modified":"2025-06-21T05:53:52","modified_gmt":"2025-06-21T08:53:52","slug":"agencia-minas-gerais-unidades-da-hemominas-tem-horario-de-funcionamento-alterado-na-semana-de-corpus-christi","status":"publish","type":"post","link":"https:\/\/euvivoaselecao.com.br\/index.php\/2025\/06\/21\/agencia-minas-gerais-unidades-da-hemominas-tem-horario-de-funcionamento-alterado-na-semana-de-corpus-christi\/","title":{"rendered":"Ag\u00eancia Minas Gerais | Unidades da Hemominas t\u00eam hor\u00e1rio de funcionamento alterado na semana de Corpus Christi"},"content":{"rendered":"<p><\/p>\n<div>\n<p>Em fun\u00e7\u00e3o da semana de\u00a0Corpus Christi, as unidades da\u00a0Funda\u00e7\u00e3o Hemominas\u00a0funcionar\u00e3o com hor\u00e1rios alterados entre os dias 19 e 21\/6 (quinta-feira e\u00a0sab\u00e1do). Somente o Hemon\u00facleo de Ponte Nova funcionar\u00e1 nesta quinta-feira e a Unidade de Coleta Al\u00e9m Para\u00edba n\u00e3o funcionar\u00e1 na sexta-feira (19\/6), enquanto no s\u00e1bado somente os Hemocentros de Belo\u00a0Horizonte, Juiz de Fora e Uberaba estar\u00e3o abertos.<\/p>\n<p>O funcionamento para atendimento aos doadores de sangue ser\u00e1 o seguinte:<\/p>\n<p><strong>19\/6 (quinta-feira)<\/strong><\/p>\n<blockquote><p>&#13;<\/p>\n<p>Hemon\u00facleo de Ponte Nova: 7h30 \u00e0s 11h30<\/p>\n<p>&#13;<br \/>\n&#13;<\/p>\n<p><em>(Demais unidades fechadas)<\/em><\/p>\n<p>&#13;\n<\/p><\/blockquote>\n<p><strong>20\/6 (sexta-feira)<\/strong><\/p>\n<blockquote><p>&#13;<\/p>\n<p>Hemocentro de Belo Horizonte: 7h \u00e0s 18h<\/p>\n<p>&#13;<br \/>\n&#13;<\/p>\n<p>Hemocentro Regional de Governador Valadares: 7h \u00e0s 16h<\/p>\n<p>&#13;<br \/>\n&#13;<\/p>\n<p>Hemocentro Regional de Juiz de Fora: 7h \u00e0s 18h<\/p>\n<p>&#13;<br \/>\n&#13;<\/p>\n<p>Hemocentro Regional de Montes Claros: 7h \u00e0s 17h30;<\/p>\n<p>&#13;<br \/>\n&#13;<\/p>\n<p>Hemocentro Regional de Pouso Alegre: 7h30 \u00e0s 11h30<\/p>\n<p>&#13;<br \/>\n&#13;<\/p>\n<p>Hemocentro Regional de Uberaba: 7h \u00e0s 12h<\/p>\n<p>&#13;<br \/>\n&#13;<\/p>\n<p>Hemocentro Regional de Uberl\u00e2ndia: 7h \u00e0s 11h30<\/p>\n<p>&#13;<br \/>\n&#13;<\/p>\n<p>Hemon\u00facleo de Diamantina: 7h \u00e0s 12h<\/p>\n<p>&#13;<br \/>\n&#13;<\/p>\n<p>Hemon\u00facleo de Divin\u00f3polis: 7h \u00e0s 12h<\/p>\n<p>&#13;<br \/>\n&#13;<\/p>\n<p>Hemon\u00facleo de Manhua\u00e7u: 7h30 \u00e0s 11h<\/p>\n<p>&#13;<br \/>\n&#13;<\/p>\n<p>Hemon\u00facleo de Passos: 7h \u00e0s 11h30<\/p>\n<p>&#13;<br \/>\n&#13;<\/p>\n<p>Hemon\u00facleo de Patos de Minas: 7h \u00e0s 11h<\/p>\n<p>&#13;<br \/>\n&#13;<\/p>\n<p>Hemon\u00facleo de Ponte Nova: 7h30 \u00e0s 11h30<\/p>\n<p>&#13;<br \/>\n&#13;<\/p>\n<p>Hemon\u00facleo de S\u00e3o Jo\u00e3o del-Rei: 7h10 \u00e0s 11h30<\/p>\n<p>&#13;<br \/>\n&#13;<\/p>\n<p>Hemon\u00facleo de Sete Lagoas: 7h30 \u00e0s 12h30<\/p>\n<p>&#13;<br \/>\n&#13;<\/p>\n<p>Posto de Coleta Esta\u00e7\u00e3o BH: 8h \u00e0s 18h30<\/p>\n<p>&#13;<br \/>\n&#13;<\/p>\n<p>Unidade de Coleta de Betim: 7h \u00e0s 11h30<\/p>\n<p>&#13;<br \/>\n&#13;<\/p>\n<p>Unidade de Coleta do Hospital J\u00falia Kubitschek: 7h \u00e0s 12h<\/p>\n<p>&#13;<br \/>\n&#13;<\/p>\n<p>Unidade de Coleta de Po\u00e7os de Caldas: 7h \u00e0s 11h30<\/p>\n<p>&#13;<br \/>\n&#13;<\/p>\n<p><em>(Unidade de Coleta de Al\u00e9m Para\u00edba fechada)<\/em><\/p>\n<p>&#13;\n<\/p><\/blockquote>\n<p><strong>21\/6 (s\u00e1bado)<\/strong><\/p>\n<blockquote><p>&#13;<\/p>\n<p>Hemocentro de Belo Horizonte: 7h \u00e0s 12h<\/p>\n<p>&#13;<br \/>\n&#13;<\/p>\n<p>Hemocentro de Juiz de Fora: 7h \u00e0s 12h<\/p>\n<p>&#13;<br \/>\n&#13;<\/p>\n<p>Hemocentro de Uberaba: 7h \u00e0s 11h30<\/p>\n<p>&#13;<br \/>\n&#13;<\/p>\n<p><em>(Demais unidades fechadas)<\/em><\/p>\n<p>&#13;\n<\/p><\/blockquote>\n<p><strong>Agendamento<\/strong><\/p>\n<p>As doa\u00e7\u00f5es podem ser agendadas on-line, pelo aplicativo MG App \u2013 Cidad\u00e3o ou pelo whatsapp (31) 4042-7157. Em caso de n\u00e3o comparecimento,\u00a0o agendamento deve ser cancelado previamente\u00a0para disponibilizar o hor\u00e1rio a outro candidato.<\/p>\n<\/p><\/div>\n","protected":false},"excerpt":{"rendered":"<p>Em fun\u00e7\u00e3o da semana de\u00a0Corpus Christi, as unidades da\u00a0Funda\u00e7\u00e3o Hemominas\u00a0funcionar\u00e3o com hor\u00e1rios alterados entre os dias 19 e 21\/6 (quinta-feira<\/p>\n","protected":false},"author":1,"featured_media":0,"comment_status":"","ping_status":"","sticky":false,"template":"","format":"standard","meta":{"colormag_page_container_layout":"default_layout","colormag_page_sidebar_layout":"default_layout","footnotes":""},"categories":[1],"tags":[],"class_list":["post-53751","post","type-post","status-publish","format-standard","hentry","category-sem-categoria"],"_links":{"self":[{"href":"https:\/\/euvivoaselecao.com.br\/index.php\/wp-json\/wp\/v2\/posts\/53751","targetHints":{"allow":["GET"]}}],"collection":[{"href":"https:\/\/euvivoaselecao.com.br\/index.php\/wp-json\/wp\/v2\/posts"}],"about":[{"href":"https:\/\/euvivoaselecao.com.br\/index.php\/wp-json\/wp\/v2\/types\/post"}],"author":[{"embeddable":true,"href":"https:\/\/euvivoaselecao.com.br\/index.php\/wp-json\/wp\/v2\/users\/1"}],"replies":[{"embeddable":true,"href":"https:\/\/euvivoaselecao.com.br\/index.php\/wp-json\/wp\/v2\/comments?post=53751"}],"version-history":[{"count":0,"href":"https:\/\/euvivoaselecao.com.br\/index.php\/wp-json\/wp\/v2\/posts\/53751\/revisions"}],"wp:attachment":[{"href":"https:\/\/euvivoaselecao.com.br\/index.php\/wp-json\/wp\/v2\/media?parent=53751"}],"wp:term":[{"taxonomy":"category","embeddable":true,"href":"https:\/\/euvivoaselecao.com.br\/index.php\/wp-json\/wp\/v2\/categories?post=53751"},{"taxonomy":"post_tag","embeddable":true,"href":"https:\/\/euvivoaselecao.com.br\/index.php\/wp-json\/wp\/v2\/tags?post=53751"}],"curies":[{"name":"wp","href":"https:\/\/api.w.org\/{rel}","templated":true}]}}