{"id":53752,"date":"2025-06-21T05:55:00","date_gmt":"2025-06-21T08:55:00","guid":{"rendered":"https:\/\/euvivoaselecao.com.br\/index.php\/2025\/06\/21\/cantor-luccas-carlos-usa-possivel-nova-camisa-1-do-vasco-em-show-veja-fotos\/"},"modified":"2025-06-21T05:55:00","modified_gmt":"2025-06-21T08:55:00","slug":"cantor-luccas-carlos-usa-possivel-nova-camisa-1-do-vasco-em-show-veja-fotos","status":"publish","type":"post","link":"https:\/\/euvivoaselecao.com.br\/index.php\/2025\/06\/21\/cantor-luccas-carlos-usa-possivel-nova-camisa-1-do-vasco-em-show-veja-fotos\/","title":{"rendered":"Cantor Luccas Carlos usa poss\u00edvel nova camisa 1 do Vasco em show; veja fotos"},"content":{"rendered":"<p><\/p>\n<div>\n<div>Carlos Berbert @CarlosBerbert11<\/p>\n<p>Luccas Carlos usando a prov\u00e1vel nova camisa 1 do Vasco<\/p>\n<p>Diversos detalhes \u201c1898\u201d\n<\/p>\n<p>Camisa linda demais em uma primeira impress\u00e3o ! ESCULACHO DA KAPPA\n<\/p>\n<p>Fonte: X do jornalista Carlos Berbert\/Mario Coelho Vasco\n<\/p>\n<p>NewsColina @newscolina<\/p>\n<p>Em show no Circo Voador, o cantor Luccas Carlos est\u00e1 usando o que \u00e9, aparentemente, a blusa nova do Vasco que ser\u00e1 lan\u00e7ada no dia 27\/06.\n<\/p>\n<p>Mesma pegada da camisa branca.\n<\/p>\n<p>Opini\u00f5es?\n<\/p>\n<p>Fonte: X NewsColina\n<\/p>\n<p>Matheus Giuberti @Giuberti10Mr<\/p>\n<p>@newscolina Gola polo, detalhes diferentes na camisa. Est\u00e1 diferente da branca. A semelhan\u00e7a \u00e9 s\u00f3 as costas, por estar sem faixa.\n<\/p>\n<p>Fonte: X do jornalista Matheus Giuberti\/Canal do Giuberti\n<\/p>\n<p>NewsColina @newscolina<\/p>\n<p>Eis a nova camisa I do Vasco da Gama!\n<\/p>\n<p>\ud83c\udfa5 | @BNparker01\n<\/p>\n<p><center><\/center><\/p>\n<p>Fonte: X NewsColina\n<\/p>\n<p>BN \u25e4\u2720\u25e2 @BNparker01<\/p>\n<p>@Giuberti10Mr @newscolina Ainda da pra ver detalhes escrito \u201c1898\u201d na camisa\n<\/p>\n<p>Fonte: X BN<\/p>\n<\/div>\n<p><!-- CONTENT END 2 -->\n<\/div>\n<p><script async defer crossorigin=\"anonymous\" src=\"https:\/\/connect.facebook.net\/pt_BR\/sdk.js#xfbml=1&amp;version=v12.0&amp;appId=114327694422&amp;autoLogAppEvents=1\" nonce=\"4kp7RAsD\"><\/script><\/p>\n","protected":false},"excerpt":{"rendered":"<p>Carlos Berbert @CarlosBerbert11 Luccas Carlos usando a prov\u00e1vel nova camisa 1 do Vasco Diversos detalhes \u201c1898\u201d Camisa linda demais em<\/p>\n","protected":false},"author":1,"featured_media":0,"comment_status":"","ping_status":"","sticky":false,"template":"","format":"standard","meta":{"colormag_page_container_layout":"default_layout","colormag_page_sidebar_layout":"default_layout","footnotes":""},"categories":[1],"tags":[],"class_list":["post-53752","post","type-post","status-publish","format-standard","hentry","category-sem-categoria"],"_links":{"self":[{"href":"https:\/\/euvivoaselecao.com.br\/index.php\/wp-json\/wp\/v2\/posts\/53752","targetHints":{"allow":["GET"]}}],"collection":[{"href":"https:\/\/euvivoaselecao.com.br\/index.php\/wp-json\/wp\/v2\/posts"}],"about":[{"href":"https:\/\/euvivoaselecao.com.br\/index.php\/wp-json\/wp\/v2\/types\/post"}],"author":[{"embeddable":true,"href":"https:\/\/euvivoaselecao.com.br\/index.php\/wp-json\/wp\/v2\/users\/1"}],"replies":[{"embeddable":true,"href":"https:\/\/euvivoaselecao.com.br\/index.php\/wp-json\/wp\/v2\/comments?post=53752"}],"version-history":[{"count":0,"href":"https:\/\/euvivoaselecao.com.br\/index.php\/wp-json\/wp\/v2\/posts\/53752\/revisions"}],"wp:attachment":[{"href":"https:\/\/euvivoaselecao.com.br\/index.php\/wp-json\/wp\/v2\/media?parent=53752"}],"wp:term":[{"taxonomy":"category","embeddable":true,"href":"https:\/\/euvivoaselecao.com.br\/index.php\/wp-json\/wp\/v2\/categories?post=53752"},{"taxonomy":"post_tag","embeddable":true,"href":"https:\/\/euvivoaselecao.com.br\/index.php\/wp-json\/wp\/v2\/tags?post=53752"}],"curies":[{"name":"wp","href":"https:\/\/api.w.org\/{rel}","templated":true}]}}