{"id":53764,"date":"2025-06-21T08:41:58","date_gmt":"2025-06-21T11:41:58","guid":{"rendered":"https:\/\/euvivoaselecao.com.br\/index.php\/2025\/06\/21\/santa-catarina-discute-instalacao-de-data-center-com-gigante-mundial-para-avanco-do-uso-de-ia\/"},"modified":"2025-06-21T08:41:58","modified_gmt":"2025-06-21T11:41:58","slug":"santa-catarina-discute-instalacao-de-data-center-com-gigante-mundial-para-avanco-do-uso-de-ia","status":"publish","type":"post","link":"https:\/\/euvivoaselecao.com.br\/index.php\/2025\/06\/21\/santa-catarina-discute-instalacao-de-data-center-com-gigante-mundial-para-avanco-do-uso-de-ia\/","title":{"rendered":"Santa Catarina discute instala\u00e7\u00e3o de data center com gigante mundial para avan\u00e7o do uso de IA\u00a0"},"content":{"rendered":"<p><\/p>\n<div>\n<p><em>Foto: Divulga\u00e7\u00e3o \/ SECOM<\/em><\/p>\n<p>O Governo de Santa Catarina avan\u00e7ou neste s\u00e1bado, 21, nas negocia\u00e7\u00f5es com a PowerChina, uma das maiores empresas globais de infraestrutura, energia e tecnologia. A reuni\u00e3o teve como foco principal a possibilidade de instala\u00e7\u00e3o de um grande data center no estado, projeto que pode posicionar SC na vanguarda da transforma\u00e7\u00e3o digital e do avan\u00e7o da Intelig\u00eancia Artificial (IA) no Brasil.<\/p>\n<p>Uma das cidades discutidas foi Lages. Isso porque o clima ameno favorece esse tipo de equipamento que necessita de resfriamento.\u00a0<\/p>\n<p>\u201cO mundo est\u00e1 vivendo uma revolu\u00e7\u00e3o digital com a Intelig\u00eancia Artificial, e Santa Catarina n\u00e3o vai ficar para tr\u00e1s. Queremos trazer para o Estado investimentos que nos coloquem como refer\u00eancia em tecnologia e inova\u00e7\u00e3o no Brasil\u201d, afirmou o governador Jorginho Mello.<\/p>\n<p>Durante o encontro, a PowerChina apresentou sua estrutura internacional e destacou sua experi\u00eancia em projetos de grande escala, com um portf\u00f3lio global que ultrapassa 200 bilh\u00f5es de d\u00f3lares em contratos. S\u00f3 no Brasil, a empresa j\u00e1 tem um projeto em andamento avaliado em 3,2 bilh\u00f5es de d\u00f3lares.<\/p>\n<figure class=\"wp-block-image size-full\"><figcaption class=\"wp-element-caption\"><em>Foto: Divulga\u00e7\u00e3o \/ SECOM<\/em><\/figcaption><\/figure>\n<p>Al\u00e9m do Centro de Supercomputa\u00e7\u00e3o, o di\u00e1logo incluiu a discuss\u00e3o sobre a ZPE de Imbituba, um modelo que permite benef\u00edcios fiscais e log\u00edsticos para empresas interessadas em investir no estado.<\/p>\n<p>A reuni\u00e3o tamb\u00e9m abriu espa\u00e7o para futuros investimentos em projetos de infraestrutura log\u00edstica, como ferrovias, com destaque para iniciativas que melhorem o escoamento da produ\u00e7\u00e3o catarinense.<\/p>\n<p>A agenda integra a miss\u00e3o internacional do Governo de Santa Catarina, que nesta semana cumpre compromissos estrat\u00e9gicos na China para atrair investimentos e gerar oportunidades de emprego e desenvolvimento para os catarinenses.<\/p>\n<\/p><\/div>\n","protected":false},"excerpt":{"rendered":"<p>Foto: Divulga\u00e7\u00e3o \/ SECOM O Governo de Santa Catarina avan\u00e7ou neste s\u00e1bado, 21, nas negocia\u00e7\u00f5es com a PowerChina, uma das<\/p>\n","protected":false},"author":1,"featured_media":0,"comment_status":"","ping_status":"","sticky":false,"template":"","format":"standard","meta":{"colormag_page_container_layout":"default_layout","colormag_page_sidebar_layout":"default_layout","footnotes":""},"categories":[1],"tags":[],"class_list":["post-53764","post","type-post","status-publish","format-standard","hentry","category-sem-categoria"],"_links":{"self":[{"href":"https:\/\/euvivoaselecao.com.br\/index.php\/wp-json\/wp\/v2\/posts\/53764","targetHints":{"allow":["GET"]}}],"collection":[{"href":"https:\/\/euvivoaselecao.com.br\/index.php\/wp-json\/wp\/v2\/posts"}],"about":[{"href":"https:\/\/euvivoaselecao.com.br\/index.php\/wp-json\/wp\/v2\/types\/post"}],"author":[{"embeddable":true,"href":"https:\/\/euvivoaselecao.com.br\/index.php\/wp-json\/wp\/v2\/users\/1"}],"replies":[{"embeddable":true,"href":"https:\/\/euvivoaselecao.com.br\/index.php\/wp-json\/wp\/v2\/comments?post=53764"}],"version-history":[{"count":0,"href":"https:\/\/euvivoaselecao.com.br\/index.php\/wp-json\/wp\/v2\/posts\/53764\/revisions"}],"wp:attachment":[{"href":"https:\/\/euvivoaselecao.com.br\/index.php\/wp-json\/wp\/v2\/media?parent=53764"}],"wp:term":[{"taxonomy":"category","embeddable":true,"href":"https:\/\/euvivoaselecao.com.br\/index.php\/wp-json\/wp\/v2\/categories?post=53764"},{"taxonomy":"post_tag","embeddable":true,"href":"https:\/\/euvivoaselecao.com.br\/index.php\/wp-json\/wp\/v2\/tags?post=53764"}],"curies":[{"name":"wp","href":"https:\/\/api.w.org\/{rel}","templated":true}]}}