{"id":53787,"date":"2025-06-21T14:25:05","date_gmt":"2025-06-21T17:25:05","guid":{"rendered":"https:\/\/euvivoaselecao.com.br\/index.php\/2025\/06\/21\/xaras-de-filosofo-defendem-ideais-de-liberdade\/"},"modified":"2025-06-21T14:25:05","modified_gmt":"2025-06-21T17:25:05","slug":"xaras-de-filosofo-defendem-ideais-de-liberdade","status":"publish","type":"post","link":"https:\/\/euvivoaselecao.com.br\/index.php\/2025\/06\/21\/xaras-de-filosofo-defendem-ideais-de-liberdade\/","title":{"rendered":"xar\u00e1s de fil\u00f3sofo defendem ideais de liberdade"},"content":{"rendered":"<p><\/p>\n<div wp_automatic_readability=\"139.81337047354\">\n<p>Durante as 35 horas de viagem no \u00f4nibus entre a cidade sertaneja de Central, na Chapada Diamantina, Bahia, e a capital federal, Bras\u00edlia, o professor do ensino fundamental Sartre Gon\u00e7alves, de 25 anos, pensou um sem-n\u00famero de vezes se a decis\u00e3o de mudar de paisagem seria a mais correta. Antes, havia perguntado aos pais. O casal, com sete filhos, encorajou um a um. Ao jovem xar\u00e1 do fil\u00f3sofo franc\u00eas, os pais lembraram a ele que Sartre era pensador da liberdade.<\/p>\n<p><strong>Este s\u00e1bado (21), inclusive, \u00e9 data que marca o nascimento de Jean-Paul Sartre (1905-1980), fil\u00f3sofo franc\u00eas reconhecido pelo existencialismo, um pensador que escrevia\u00a0 que a liberdade \u00e9 a condi\u00e7\u00e3o da exist\u00eancia humana.\u00a0 O Sartre sertanejo, ent\u00e3o, colocou em pr\u00e1tica. \u201cMeu pai escolheu meu nome quando Sartre e Simone Beauvoir (companheira de vida, escritora e intelectual francesa), visitaram Salvador.<\/strong><\/p>\n<p>A estiagem na terra natal e o medo do amanh\u00e3 fizeram com que o professor arrumasse as malas. Isso ocorreu em 1989. Atualmente com 60 anos, o agora funcion\u00e1rio p\u00fablico costuma palestrar sobre escolhas, decis\u00f5es e responsabilidades. Para in\u00edcio de conversa, explica o que significa para ele o pr\u00f3prio nome. Sartre tem tr\u00eas irm\u00e3os com os nomes de pensadores: Simone, Marcuse (Herbert, fil\u00f3sofo alem\u00e3o) e Marconi (Guglielmo,\u00a0f\u00edsico italiano).<\/p>\n<p><strong>Bal\u00e3o pega fogo e cai em SC; 8 pessoas morrem e 13 sobrevivem<\/strong><\/p>\n<p><strong>Brasileira cai durante trilha a vulc\u00e3o e aguarda resgate na Indon\u00e9sia<\/strong><\/p>\n<h2>Escolhas<\/h2>\n<p>A influ\u00eancia para vida docente foi legado do pai, Carlos. Sartre foi para o magist\u00e9rio e era apaixonado pelo poder transformador da educa\u00e7\u00e3o. Em Bras\u00edlia, continuou nesta carreira e at\u00e9 ingressou, por meio de concurso p\u00fablico, na Secretaria de Educa\u00e7\u00e3o local.<\/p>\n<blockquote wp_automatic_readability=\"6\">\n<p>\u201cSempre tentei conversar um pouco sobre filosofia. Tem gente que n\u00e3o entende meu nome e fica curiosa para saber mais. Eu aproveito.\u201d\u00a0<\/p>\n<\/blockquote>\n<p>Em Bras\u00edlia, recorda, a demora para para aparecer um emprego foi de\u00a0 seis meses, mas ele\u00a0insistiu. \u201cA ideia foi escolher e ficar\u201d.\u00a0<\/p>\n<p>Apesar da mudan\u00e7a, o professor Sartre afirma que mant\u00e9m as ra\u00edzes sertanejas e orgulha-se da ideia de que o sertanejo \u00e9 um forte que luta pela sobreviv\u00eancia. E ele repete em cada palestra: <strong>\u201ca liberdade \u00e9 quest\u00e3o de escolha, Mas tamb\u00e9m voc\u00ea precisa suportar as consequ\u00eancias das suas escolhas. O Sartre fala muito sobre isso\u201d.\u00a0<\/strong><\/p>\n<p><strong>Recep\u00e7\u00e3o para repatriados dos EUA mobiliza poder p\u00fablico no Cear\u00e1<\/strong><\/p>\n<p><strong>\u201cZ de zang\u00e3o\u201d: projeto aproveita viv\u00eancias para alfabetizar no mangue<\/strong><\/p>\n<h2>Skatista-maqueiro<\/h2>\n<div class=\"dnd-widget-wrapper context-grande_6colunas type-image atom-align-left\" wp_automatic_readability=\"6.5\">\n<div class=\"dnd-caption-wrapper\" wp_automatic_readability=\"8\">\n<p>Pedro Sartre, maqueiro e skatista no Distrito Federal \u2013 <strong>Foto: Arquivo Pessoal<\/strong><!--END copyright=428576--><\/p>\n<\/div>\n<\/div>\n<p>Outro xar\u00e1 do fil\u00f3sofo franc\u00eas tem uma vida de correrias em diferentes estilos. Maqueiro de hospital p\u00fablico, Pedro Sartre, de 37 anos, que trabalha na regi\u00e3o administrativa de Santa Maria, Distrito Federal, quando n\u00e3o est\u00e1 nos plant\u00f5es, atua sobre rodas. Na verdade, sobre rodinhas. Ele tem um projeto social, o Esp\u00edrito Livre, na cidade do Novo Gama, em Goi\u00e1s, que ensina crian\u00e7as em vulnerabilidade a praticar <em>skate<\/em>. As aulas s\u00e3o dadas aos domingos em uma pista p\u00fablica.\u00a0<\/p>\n<p>Para viabilizar os custos, montou com uma amiga<em> skates<\/em> com pe\u00e7as antigas. \u201cDe repente, o pessoal come\u00e7ou a me ligar. Assim, a gente dividia os <em>skates<\/em> para quem n\u00e3o tinha\u201d. O maqueiro-skatista diz que a pr\u00e1tica proporciona qualidade de vida, intera\u00e7\u00e3o social e desenvolvimento psicomotor.<\/p>\n<blockquote wp_automatic_readability=\"12\">\n<p>\u201cEsta \u00e9 uma atividade que ajuda, por exemplo, crian\u00e7as com defici\u00eancia\u201d, exemplifica. Ele conta que at\u00e9 os filhos (Eros, de 6, e P\u00e9rola, de 3 anos) j\u00e1 se equilibram nas rodinhas.\u00a0<\/p>\n<\/blockquote>\n<p>Pedro Sartre diz que chega sempre animado para o treino, ainda que cansado do plant\u00e3o como maqueiro. \u201c\u00c9 muito gratificante poder ajudar. Foi a minha escolha\u201d. Ali\u00e1s, a escolha do nome partiu do pai (Alberto, que teve 13 filhos), que era sindicalista e tinha ideais sociais e libert\u00e1rios.\u00a0<\/p>\n<p>O pai morreu de covid com apenas 62 anos durante a pandemia. \u201cEle que me orientou a entender que as nossas escolhas dizem muito sobre o que a gente vive\u201d.\u00a0<\/p>\n<h2>Existencialismo<\/h2>\n<p>As palavras de Pedro se coadunam com o pensamento do fil\u00f3sofo Jean-Paul Sartre, conforme explica o professor de filosofia M\u00e1rcio Gimenes de Paula, da Universidade de Bras\u00edlia (UnB), que pesquisa o tema do existencialismo. Segundo o professor, os alunos se interessam pelas ideias do famoso fil\u00f3sofo e fazem pontes com as tem\u00e1ticas dos dias de hoje.\u00a0 \u201cCada vez que lemos um autor como ele podemos ter diferentes an\u00e1lises\u201d, salienta.<\/p>\n<p>O professor ressalta que Sartre foi um dos pensadores da filosofia mais reconhecidos e importantes do s\u00e9culo 20 ao discutir temas que aturdiram a humanidade, como as guerras e a evolu\u00e7\u00e3o dos direitos civis e diz que a presen\u00e7a de Simone de Beauvoir em sua vida tamb\u00e9m o influenciou sobremaneira.\u00a0<\/p>\n<p>M\u00e1rcio Gimenes atenta, entretanto, para o fato de\u00a0que o pensamento de um intelectual como ele excede o per\u00edodo em que viveu.<\/p>\n<blockquote wp_automatic_readability=\"6\">\n<p>\u201cFoi al\u00e9m do seu tempo. Por isso podemos constatar a atualidade de seus escritos (tamb\u00e9m na literatura) no que vivemos hoje no s\u00e9culo 21\u201d.\u00a0<\/p>\n<\/blockquote>\n<p>Conforme cita o professor, o pensamento aprofundado de Sartre pode dar margem, por exemplo, a discuss\u00f5es sobre escolhas humanas pela prote\u00e7\u00e3o, ou n\u00e3o, do meio ambiente, pelos cuidados com as redes sociais, a conquista da paz ou a vida em guerra.<\/p>\n<\/div>\n","protected":false},"excerpt":{"rendered":"<p>Durante as 35 horas de viagem no \u00f4nibus entre a cidade sertaneja de Central, na Chapada Diamantina, Bahia, e a<\/p>\n","protected":false},"author":2,"featured_media":0,"comment_status":"","ping_status":"","sticky":false,"template":"","format":"standard","meta":{"colormag_page_container_layout":"default_layout","colormag_page_sidebar_layout":"default_layout","footnotes":""},"categories":[],"tags":[],"class_list":["post-53787","post","type-post","status-publish","format-standard","hentry"],"_links":{"self":[{"href":"https:\/\/euvivoaselecao.com.br\/index.php\/wp-json\/wp\/v2\/posts\/53787","targetHints":{"allow":["GET"]}}],"collection":[{"href":"https:\/\/euvivoaselecao.com.br\/index.php\/wp-json\/wp\/v2\/posts"}],"about":[{"href":"https:\/\/euvivoaselecao.com.br\/index.php\/wp-json\/wp\/v2\/types\/post"}],"author":[{"embeddable":true,"href":"https:\/\/euvivoaselecao.com.br\/index.php\/wp-json\/wp\/v2\/users\/2"}],"replies":[{"embeddable":true,"href":"https:\/\/euvivoaselecao.com.br\/index.php\/wp-json\/wp\/v2\/comments?post=53787"}],"version-history":[{"count":0,"href":"https:\/\/euvivoaselecao.com.br\/index.php\/wp-json\/wp\/v2\/posts\/53787\/revisions"}],"wp:attachment":[{"href":"https:\/\/euvivoaselecao.com.br\/index.php\/wp-json\/wp\/v2\/media?parent=53787"}],"wp:term":[{"taxonomy":"category","embeddable":true,"href":"https:\/\/euvivoaselecao.com.br\/index.php\/wp-json\/wp\/v2\/categories?post=53787"},{"taxonomy":"post_tag","embeddable":true,"href":"https:\/\/euvivoaselecao.com.br\/index.php\/wp-json\/wp\/v2\/tags?post=53787"}],"curies":[{"name":"wp","href":"https:\/\/api.w.org\/{rel}","templated":true}]}}